{"id":19550,"date":"2023-08-23T11:02:59","date_gmt":"2023-08-23T11:02:59","guid":{"rendered":"https:\/\/dekkbi.com\/?p=19550"},"modified":"2023-08-23T11:03:00","modified_gmt":"2023-08-23T11:03:00","slug":"limogeage-dun-general-russe-redoute-deux-mois-apres-la-rebellion-de-wagner","status":"publish","type":"post","link":"https:\/\/dekkbi.com\/?p=19550","title":{"rendered":"Limogeage d&rsquo;un g\u00e9n\u00e9ral russe redout\u00e9, deux mois apr\u00e8s la r\u00e9bellion de Wagner"},"content":{"rendered":"\n<p>Le g\u00e9n\u00e9ral russe Sergue\u00ef Sourovikine, un temps en charge de l&rsquo;offensive en Ukraine, a \u00e9t\u00e9 limog\u00e9 de son poste de commandant en chef des forces a\u00e9rospatiales, selon plusieurs m\u00e9dias, deux mois apr\u00e8s la r\u00e9bellion de Wagner, dont il \u00e9tait jug\u00e9 proche.<\/p>\n\n\n\n<p>\u00ab\u00a0Le g\u00e9n\u00e9ral d&rsquo;arm\u00e9e Sergue\u00ef Sourovikine a \u00e9t\u00e9 d\u00e9mis de ses fonctions\u00a0\u00bb, a affirm\u00e9 mercredi l&rsquo;agence de presse d&rsquo;Etat Ria Novosti, citant une source au fait des mouvements internes \u00e0 l&rsquo;arm\u00e9e.<\/p>\n\n\n\n<p>Selon Ria Novosti, M. Sourovikine, 56 ans, a \u00e9t\u00e9 remplac\u00e9 par le g\u00e9n\u00e9ral Viktor Afzalov. Ni le Kremlin, ni le minist\u00e8re russe de la D\u00e9fense n&rsquo;ont fait d&rsquo;annonces dans l&rsquo;imm\u00e9diat, alors que les changements au sein de l&rsquo;arm\u00e9e se font souvent dans l&rsquo;opacit\u00e9.<\/p>\n\n\n\n<p>&nbsp;Le quotidien russe RBK et l&rsquo;ancien r\u00e9dacteur en chef de la radio Echo de Moscou, Alexe\u00ef Venediktov, ont cependant annonc\u00e9 le limogeage de Sergue\u00ef Sourovikine, tout comme Rybar, un influent blog militaire couvrant les combats en Ukraine.<\/p>\n\n\n\n<p>Depuis la fin de la r\u00e9bellion du groupe paramilitaire Wagner fin juin, des rumeurs faisaient \u00e9tat de remaniements au sein du commandement militaire, notamment au sujet de Sergue\u00ef Sourovikine. Lors de la r\u00e9volte de 24 heures de Wagner qui a \u00e9branl\u00e9 le pouvoir russe, M. Sourovikine avait appel\u00e9 les mutins \u00e0 \u00ab\u00a0arr\u00eater\u00a0\u00bb et \u00e0 rentrer dans leurs casernes \u00ab\u00a0avant qu&rsquo;il ne soit trop tard\u00a0\u00bb. Mais le g\u00e9n\u00e9ral \u00e9tait n\u00e9anmoins jug\u00e9 proche de Wagner et de son chef, Evgu\u00e9ni Prigojine.<\/p>\n\n\n\n<p>Surnomm\u00e9 le \u00ab\u00a0g\u00e9n\u00e9ral Armageddon\u00a0\u00bb pour ses m\u00e9thodes brutales, il \u00e9tait l&rsquo;un des principaux commandants de l&rsquo;intervention militaire russe en Ukraine. Il avait re\u00e7u auparavant le soutien affich\u00e9 et les louanges d&rsquo;Evgu\u00e9ni Prigojine et de Ramzan Kadyrov, le dirigeant de la Tch\u00e9tch\u00e9nie.<\/p>\n\n\n\n<p>Nomm\u00e9 en octobre 2022 commandant des forces en Ukraine, il avait notamment d\u00fb ordonner en novembre suivant le retrait de la ville de Kherson et de la rive droite du Dniepr (Sud), une d\u00e9faite humiliante pour Moscou.<\/p>\n\n\n\n<p>Seulement trois mois apr\u00e8s sa nomination, il \u00e9tait remplac\u00e9 \u00e0 ce poste par le chef de l&rsquo;\u00e9tat- major russe, Val\u00e9ri Gu\u00e9rassimov. V\u00e9t\u00e9ran de la guerre sovi\u00e9tique en Afghanistan et de la deuxi\u00e8me guerre de Tch\u00e9tch\u00e9nie dans les ann\u00e9es 2000, M. Sourovikine a aussi particip\u00e9 \u00e0 la brutale campagne russe en Syrie en 2015, ce qui lui a aussi valu le surnom de \u00ab\u00a0boucher syrien\u00a0\u00bb.<\/p>\n\n\n\n<p>Source &#8211; Aps<\/p>\n","protected":false},"excerpt":{"rendered":"<p>Le g\u00e9n\u00e9ral russe Sergue\u00ef Sourovikine, un temps en charge de l&rsquo;offensive en Ukraine, a \u00e9t\u00e9 limog\u00e9 de son poste de<\/p>\n","protected":false},"author":1,"featured_media":19551,"comment_status":"open","ping_status":"open","sticky":false,"template":"","format":"standard","meta":{"footnotes":""},"categories":[51],"tags":[],"class_list":["post-19550","post","type-post","status-publish","format-standard","has-post-thumbnail","hentry","category-general"],"_links":{"self":[{"href":"https:\/\/dekkbi.com\/index.php?rest_route=\/wp\/v2\/posts\/19550","targetHints":{"allow":["GET"]}}],"collection":[{"href":"https:\/\/dekkbi.com\/index.php?rest_route=\/wp\/v2\/posts"}],"about":[{"href":"https:\/\/dekkbi.com\/index.php?rest_route=\/wp\/v2\/types\/post"}],"author":[{"embeddable":true,"href":"https:\/\/dekkbi.com\/index.php?rest_route=\/wp\/v2\/users\/1"}],"replies":[{"embeddable":true,"href":"https:\/\/dekkbi.com\/index.php?rest_route=%2Fwp%2Fv2%2Fcomments&post=19550"}],"version-history":[{"count":1,"href":"https:\/\/dekkbi.com\/index.php?rest_route=\/wp\/v2\/posts\/19550\/revisions"}],"predecessor-version":[{"id":19552,"href":"https:\/\/dekkbi.com\/index.php?rest_route=\/wp\/v2\/posts\/19550\/revisions\/19552"}],"wp:featuredmedia":[{"embeddable":true,"href":"https:\/\/dekkbi.com\/index.php?rest_route=\/wp\/v2\/media\/19551"}],"wp:attachment":[{"href":"https:\/\/dekkbi.com\/index.php?rest_route=%2Fwp%2Fv2%2Fmedia&parent=19550"}],"wp:term":[{"taxonomy":"category","embeddable":true,"href":"https:\/\/dekkbi.com\/index.php?rest_route=%2Fwp%2Fv2%2Fcategories&post=19550"},{"taxonomy":"post_tag","embeddable":true,"href":"https:\/\/dekkbi.com\/index.php?rest_route=%2Fwp%2Fv2%2Ftags&post=19550"}],"curies":[{"name":"wp","href":"https:\/\/api.w.org\/{rel}","templated":true}]}}