{"id":19520,"date":"2023-08-23T09:40:53","date_gmt":"2023-08-23T09:40:53","guid":{"rendered":"https:\/\/dekkbi.com\/?p=19520"},"modified":"2023-08-23T09:40:54","modified_gmt":"2023-08-23T09:40:54","slug":"sedhiou-vol-de-betail-assorti-de-mort-dhommele-balantacounda-denonce-une-insecurite-et-reclame-la-liberation-des-prevenus-utochtone","status":"publish","type":"post","link":"https:\/\/dekkbi.com\/?p=19520","title":{"rendered":"S\u00e9dhiou &#8211; vol de b\u00e9tail assorti de mort d\u2019homme\u2026Le Balantacounda d\u00e9nonce une ins\u00e9curit\u00e9 et r\u00e9clame la lib\u00e9ration des pr\u00e9venus utochtone"},"content":{"rendered":"\n<h3 class=\"wp-block-heading\">Le vol de b\u00e9tail avec usage d\u2019armes \u00e0 feu ensanglante \u00e0 nouveau le d\u00e9partement de Goudomp, dans sa bande frontali\u00e8re qui le s\u00e9pare de la Guin\u00e9e-Bissau. <\/h3>\n\n\n\n<h3 class=\"wp-block-heading\">Des sources bien inform\u00e9es ont renseign\u00e9 de la pr\u00e9sence de sujets bissau-guin\u00e9ens dans la zone de Man\u00e9counda, d\u00e9but juillet dernier, et qui ont subtilis\u00e9 plusieurs t\u00eates de b\u0153ufs. <\/h3>\n\n\n\n<h3 class=\"wp-block-heading\">La riposte des suppos\u00e9s propri\u00e9taires des b\u00eates a occasionn\u00e9 deux morts du c\u00f4t\u00e9 des assaillants et des arrestations chez les autochtones.<\/h3>\n\n\n\n<p>Les populations de Djibanar d\u00e9noncent une ins\u00e9curit\u00e9 galopante et appauvrissante, ainsi que le retour du b\u00e2ton \u00e0 chaque fois qu\u2019elles organisent une riposte \u00abl\u00e9gitime\u00bb<br>Cette affaire remonte au 7 juillet dernier, dans la soir\u00e9e au cours de laquelle un cas de vol de b\u00e9tail a \u00e9t\u00e9 d\u00e9clar\u00e9 au village de Man\u00e9counda, en plein c\u0153ur du Balantacounda, dans le d\u00e9partement de Goudomp.<\/p>\n\n\n\n<p>Selon des sources g\u00e9n\u00e9ralement bien inform\u00e9es, des voleurs arm\u00e9s seraient venus des villages bissau-guin\u00e9ens voisins et se seraient empar\u00e9s des b\u0153ufs pour ensuite reprendre le chemin inverse. Et c\u2019est \u00e0 hauteur du village de Madina Peul qu\u2019ils ont essuy\u00e9 des tirs de suppos\u00e9s propri\u00e9taires des b\u00eates.<\/p>\n\n\n\n<p>Et il s\u2019en est suivi des \u00e9changes de coups de feu, renseignent nos sources. L\u2019un des pr\u00e9sum\u00e9s voleurs a \u00e9t\u00e9 mortellement atteint et abandonn\u00e9 dans la nature. Un autre aurait succomb\u00e9 \u00e0 ses blessures.<\/p>\n\n\n\n<p>Les gendarmes de la Brigade de Samine ont ouvert une enqu\u00eate qui a conduit \u00e0 l\u2019arrestation, le 14 ao\u00fbt dernier, du pr\u00e9sident du Comit\u00e9 de surveillance contre le vol de b\u00e9tail, Jean S\u00e9raphin Man\u00e9, pour n\u00e9cessit\u00e9 d\u2019enqu\u00eate. La semaine derni\u00e8re, c\u2019est l\u2019imam de Man\u00e9counda, Aliou Kand\u00e9, qui a \u00e9galement \u00e9t\u00e9 \u00e9crou\u00e9, pour avoir appel\u00e9 nuitamment, diton, les habitants de Madina Peul \u00e0 intercepter les suppos\u00e9s voleurs.<\/p>\n\n\n\n<p>Il n\u2019en fallait pas plus pour d\u00e9border la col\u00e8re des populations de l\u2019arrondissement de Djibanar qui ont organis\u00e9 plusieurs rassemblements, pour d\u00e9noncer ce qu\u2019ils qualifient d\u2019absence de s\u00e9curit\u00e9.<\/p>\n\n\n\n<p>Face \u00e0 la presse, plusieurs orateurs ont d\u00e9clar\u00e9 que leurs villages sont souvent attaqu\u00e9s par des Bissau-guin\u00e9ens arm\u00e9s. Mais, \u00e0 chaque fois qu\u2019ils organisent la riposte, \u00e9maill\u00e9e de violence, ils sont tout simplement envoy\u00e9s en prison. Raison pour laquelle ils disent en vouloir am\u00e8rement aux autorit\u00e9s s\u00e9n\u00e9galaises qui les ont abandonn\u00e9s \u00e0 leur triste sort, ont-ils d\u00e9nonc\u00e9 avec v\u00e9h\u00e9mence.<\/p>\n\n\n\n<p>A rappeler que cette bande frontali\u00e8re avec la Guin\u00e9e-Bissau a longtemps \u00e9t\u00e9 le th\u00e9\u00e2tre de violents affrontements entre propri\u00e9taires et voleurs de b\u00e9tails. Le ph\u00e9nom\u00e8ne a fini d\u2019installer l\u2019ins\u00e9curit\u00e9 et la pauvret\u00e9 chez nombre de citoyens qui font de l\u2019\u00e9levage leurs activit\u00e9s de rente.<\/p>\n\n\n\n<p>Et malgr\u00e9 les multiples activit\u00e9s de sensibilisation de terrain, comme celles en cours men\u00e9es par WANEP\/S\u00e9n\u00e9gal et Guin\u00e9e, le mal reste actuel et profond. Des efforts sont en cours pour obtenir une libert\u00e9 provisoire aux deux pr\u00e9venus, en vue de d\u00e9crisper quelque peu la situation sur le terrain<br>Sud Quotidien<\/p>\n","protected":false},"excerpt":{"rendered":"<p>Le vol de b\u00e9tail avec usage d\u2019armes \u00e0 feu ensanglante \u00e0 nouveau le d\u00e9partement de Goudomp, dans sa bande frontali\u00e8re<\/p>\n","protected":false},"author":1,"featured_media":19229,"comment_status":"open","ping_status":"open","sticky":false,"template":"","format":"standard","meta":{"footnotes":""},"categories":[26],"tags":[],"class_list":["post-19520","post","type-post","status-publish","format-standard","has-post-thumbnail","hentry","category-fait-divers"],"_links":{"self":[{"href":"https:\/\/dekkbi.com\/index.php?rest_route=\/wp\/v2\/posts\/19520","targetHints":{"allow":["GET"]}}],"collection":[{"href":"https:\/\/dekkbi.com\/index.php?rest_route=\/wp\/v2\/posts"}],"about":[{"href":"https:\/\/dekkbi.com\/index.php?rest_route=\/wp\/v2\/types\/post"}],"author":[{"embeddable":true,"href":"https:\/\/dekkbi.com\/index.php?rest_route=\/wp\/v2\/users\/1"}],"replies":[{"embeddable":true,"href":"https:\/\/dekkbi.com\/index.php?rest_route=%2Fwp%2Fv2%2Fcomments&post=19520"}],"version-history":[{"count":1,"href":"https:\/\/dekkbi.com\/index.php?rest_route=\/wp\/v2\/posts\/19520\/revisions"}],"predecessor-version":[{"id":19521,"href":"https:\/\/dekkbi.com\/index.php?rest_route=\/wp\/v2\/posts\/19520\/revisions\/19521"}],"wp:featuredmedia":[{"embeddable":true,"href":"https:\/\/dekkbi.com\/index.php?rest_route=\/wp\/v2\/media\/19229"}],"wp:attachment":[{"href":"https:\/\/dekkbi.com\/index.php?rest_route=%2Fwp%2Fv2%2Fmedia&parent=19520"}],"wp:term":[{"taxonomy":"category","embeddable":true,"href":"https:\/\/dekkbi.com\/index.php?rest_route=%2Fwp%2Fv2%2Fcategories&post=19520"},{"taxonomy":"post_tag","embeddable":true,"href":"https:\/\/dekkbi.com\/index.php?rest_route=%2Fwp%2Fv2%2Ftags&post=19520"}],"curies":[{"name":"wp","href":"https:\/\/api.w.org\/{rel}","templated":true}]}}