{"id":19486,"date":"2023-08-22T11:43:24","date_gmt":"2023-08-22T11:43:24","guid":{"rendered":"https:\/\/dekkbi.com\/?p=19486"},"modified":"2023-08-22T11:43:25","modified_gmt":"2023-08-22T11:43:25","slug":"la-coree-du-nord-reprend-les-vols-commerciaux-internationaux-apres-trois-ans-darret","status":"publish","type":"post","link":"https:\/\/dekkbi.com\/?p=19486","title":{"rendered":"La Cor\u00e9e du Nord reprend les vols commerciaux internationaux apr\u00e8s trois ans d&rsquo;arr\u00eat"},"content":{"rendered":"\n<p>Le premier vol commercial international de la Cor\u00e9e du Nord depuis trois ans est arriv\u00e9 mardi \u00e0 P\u00e9kin, avec Pyongyang qui assouplit timidement le bouclage de ses fronti\u00e8res d\u00e9cid\u00e9 en raison de la pand\u00e9mie de Covid-19.<\/p>\n\n\n\n<p>La Cor\u00e9e du Nord avait ferm\u00e9 ses fronti\u00e8res d\u00e9but 2020 en r\u00e9ponse au virus. Mais ces derni\u00e8res semaines, elles se sont subtilement entrouvertes \u00e0 quelques occasions.<\/p>\n\n\n\n<p>Des responsables chinois et russes ont assist\u00e9 \u00e0 un grand d\u00e9fil\u00e9 militaire \u00e0 Pyongyang le mois dernier. Il s&rsquo;agissait des premiers dignitaires \u00e9trangers \u00e0 se rendre dans le pays depuis des ann\u00e9es.<\/p>\n\n\n\n<p>Et la semaine derni\u00e8re, une d\u00e9l\u00e9gation de sportifs nord-cor\u00e9ens a \u00e9t\u00e9 autoris\u00e9e \u00e0 se rendre \u00e0 une comp\u00e9tition de taekwondo au Kazakhstan.<\/p>\n\n\n\n<p>Le vol JS151 Pyongyang-P\u00e9kin de la compagnie nationale Air Koryo a atterri \u00e0 09H17 (01H38 GMT) dans la capitale chinoise, selon un tableau des arriv\u00e9es, apr\u00e8s avoir d\u00e9coll\u00e9 de la capitale nord-cor\u00e9enne \u00e0 08H30 (23H30 GMT).<\/p>\n\n\n\n<h2 class=\"wp-block-heading\">Attach\u00e9 militaire<\/h2>\n\n\n\n<p>Des journalistes de l&rsquo;AFP pr\u00e9sents \u00e0 l&rsquo;a\u00e9roport de P\u00e9kin-Capitale n&rsquo;ont aper\u00e7u que deux Nord-Cor\u00e9ens sortir par la porte des arriv\u00e9es. Ils \u00e9taient reconnaissables \u00e0 leurs badges avec les visages des ex-dirigeants Kim Il Sung et Kim Jong Il.<\/p>\n\n\n\n<figure class=\"wp-block-image\"><img decoding=\"async\" src=\"https:\/\/information.tv5monde.com\/sites\/tv5-info\/files\/styles\/entete\/public\/2023-08\/field_media_image-2743683-ca44af549c97e82363c2081593d207c1070fa302.jpg?itok=31bcjcNO\" alt=\"Deux voyageurs nord-cor\u00e9ens \u00e0 l'a\u00e9roport de P\u00e9kin apr\u00e8s l'arriv\u00e9e du premier vol commercial d'Air Koryo, le 22 ao\u00fbt 2023 \" title=\"Deux voyageurs nord-cor\u00e9ens \u00e0 l'a\u00e9roport de P\u00e9kin apr\u00e8s l'arriv\u00e9e du premier vol commercial d'Air Koryo, le 22 ao\u00fbt 2023 \"\/><\/figure>\n\n\n\n<p>Deux voyageurs nord-cor\u00e9ens \u00e0 l&rsquo;a\u00e9roport de P\u00e9kin apr\u00e8s l&rsquo;arriv\u00e9e du premier vol commercial d&rsquo;Air Koryo, le 22 ao\u00fbt 2023<\/p>\n\n\n\n<p>AFP<\/p>\n\n\n\n<p>GREG BAKER<\/p>\n\n\n\n<p>L&rsquo;un d&rsquo;entre eux est un g\u00e9n\u00e9ral, Kim Jin, selon Colin Zwirko, analyste du site internet NK News, sp\u00e9cialis\u00e9 sur l&rsquo;actualit\u00e9 de la Cor\u00e9e du Nord.<\/p>\n\n\n\n<p>Des m\u00e9dias chinois avaient pr\u00e9sent\u00e9 M. Kim en 2020 comme un attach\u00e9 militaire de l&rsquo;ambassade nord-cor\u00e9enne \u00e0 P\u00e9kin.<\/p>\n\n\n\n<p>Aucune des deux personnes n&rsquo;a fait de d\u00e9claration \u00e0 la presse.<\/p>\n\n\n\n<p>Dans le sens inverse, un vol Air Koryo est parti de P\u00e9kin \u00e0 destination de Pyongyang vers 13H00 heure chinoise, selon un site internet de suivi des vols.<\/p>\n\n\n\n<p>L&rsquo;agence de presse sud-cor\u00e9enne Yonhap a publi\u00e9 des photos de Nord-Cor\u00e9ens faisant enregistrer leurs bagages \u00e0 l&rsquo;a\u00e9roport pour ce vol.<\/p>\n\n\n\n<p>Un repr\u00e9sentant d&rsquo;Air Koryo, sollicit\u00e9 par l&rsquo;AFP dans le bureau de la compagnie \u00e0 P\u00e9kin, a d\u00e9clar\u00e9 mardi n&rsquo;avoir \u00ab\u00a0aucune information\u00a0\u00bb \u00e0 fournir.<\/p>\n\n\n\n<h2 class=\"wp-block-heading\">Vers la Russie aussi<\/h2>\n\n\n\n<p>Un vol d&rsquo;Air Koryo, pr\u00e9vu pour atterrir \u00e0 P\u00e9kin lundi, avait \u00e9t\u00e9 brusquement annul\u00e9 sans qu&rsquo;aucun motif soit fourni.<\/p>\n\n\n\n<p>Interrog\u00e9 \u00e0 ce sujet, un porte-parole de la diplomatie chinoise avait confirm\u00e9 la reprise des vols commerciaux entre la Chine et la Cor\u00e9e du Nord.<\/p>\n\n\n\n<p>\u00ab\u00a0La partie chinoise a approuv\u00e9 les plans de vols de la compagnie nord-cor\u00e9enne Air Koryo pour les liaisons Pyongyang-P\u00e9kin et P\u00e9kin-Pyongyang\u00a0\u00bb, avait indiqu\u00e9 lundi Wang Wenbin lors d&rsquo;un point de presse r\u00e9gulier.<\/p>\n\n\n\n<p>Selon NK News, Air Koryo pr\u00e9voit \u00e9galement deux vols entre Vladivostok, dans l&rsquo;Extr\u00eame-Orient russe, et Pyongyang vendredi et lundi prochains.<\/p>\n","protected":false},"excerpt":{"rendered":"<p>Le premier vol commercial international de la Cor\u00e9e du Nord depuis trois ans est arriv\u00e9 mardi \u00e0 P\u00e9kin, avec Pyongyang<\/p>\n","protected":false},"author":1,"featured_media":19487,"comment_status":"open","ping_status":"open","sticky":false,"template":"","format":"standard","meta":{"footnotes":""},"categories":[3],"tags":[],"class_list":["post-19486","post","type-post","status-publish","format-standard","has-post-thumbnail","hentry","category-event-more-news"],"_links":{"self":[{"href":"https:\/\/dekkbi.com\/index.php?rest_route=\/wp\/v2\/posts\/19486","targetHints":{"allow":["GET"]}}],"collection":[{"href":"https:\/\/dekkbi.com\/index.php?rest_route=\/wp\/v2\/posts"}],"about":[{"href":"https:\/\/dekkbi.com\/index.php?rest_route=\/wp\/v2\/types\/post"}],"author":[{"embeddable":true,"href":"https:\/\/dekkbi.com\/index.php?rest_route=\/wp\/v2\/users\/1"}],"replies":[{"embeddable":true,"href":"https:\/\/dekkbi.com\/index.php?rest_route=%2Fwp%2Fv2%2Fcomments&post=19486"}],"version-history":[{"count":1,"href":"https:\/\/dekkbi.com\/index.php?rest_route=\/wp\/v2\/posts\/19486\/revisions"}],"predecessor-version":[{"id":19488,"href":"https:\/\/dekkbi.com\/index.php?rest_route=\/wp\/v2\/posts\/19486\/revisions\/19488"}],"wp:featuredmedia":[{"embeddable":true,"href":"https:\/\/dekkbi.com\/index.php?rest_route=\/wp\/v2\/media\/19487"}],"wp:attachment":[{"href":"https:\/\/dekkbi.com\/index.php?rest_route=%2Fwp%2Fv2%2Fmedia&parent=19486"}],"wp:term":[{"taxonomy":"category","embeddable":true,"href":"https:\/\/dekkbi.com\/index.php?rest_route=%2Fwp%2Fv2%2Fcategories&post=19486"},{"taxonomy":"post_tag","embeddable":true,"href":"https:\/\/dekkbi.com\/index.php?rest_route=%2Fwp%2Fv2%2Ftags&post=19486"}],"curies":[{"name":"wp","href":"https:\/\/api.w.org\/{rel}","templated":true}]}}