{"id":19435,"date":"2023-08-22T09:59:56","date_gmt":"2023-08-22T09:59:56","guid":{"rendered":"https:\/\/dekkbi.com\/?p=19435"},"modified":"2023-08-22T09:59:57","modified_gmt":"2023-08-22T09:59:57","slug":"goudomp-banditisme-transfrontalier-le-vol-de-betail-au-coeur-dune-tension","status":"publish","type":"post","link":"https:\/\/dekkbi.com\/?p=19435","title":{"rendered":"Goudomp \u2013 Banditisme transfrontalier : Le vol de b\u00e9tail au c\u0153ur d\u2019une tension"},"content":{"rendered":"\n<p><strong>A cause d\u2019un vol de b\u00e9tail \u00e0 Goudomp, un affrontement entre des hommes arm\u00e9s venus de la Guin\u00e9e-Bissau et les populations du Balantacounda a caus\u00e9 un mort du c\u00f4t\u00e9 des Bissau-Guin\u00e9ens. Inform\u00e9e, la gendarmerie a arr\u00eat\u00e9 l\u2019imam ratib de Man\u00e9 Counda et le pr\u00e9sident du Comit\u00e9 de vigilance contre le vol de b\u00e9tail. Tr\u00e8s en col\u00e8re, les populations du Balantacounda d\u00e9noncent les s\u00e9ries de vol de b\u00e9tail et des bergers s\u00e9n\u00e9galais tu\u00e9s. Elles r\u00e9clament aussi la lib\u00e9ration de l\u2019imam et de leur pr\u00e9sident, et menacent de r\u00e9agir si leur demande n\u2019est pas accept\u00e9e.<\/strong><\/p>\n\n\n\n<p><strong>Par Seydou Tamba CISSE \u2013&nbsp;<\/strong>L\u2019arrestation de l\u2019imam de Man\u00e9 Counda et du pr\u00e9sident du Comit\u00e9 de vigilance contre le vol de b\u00e9tail dans le d\u00e9partement de Goudomp, suite \u00e0 la mort d\u2019un voleur, originaire de la Guin\u00e9e-Bissau, s\u00e8me la col\u00e8re dans le Balantacounda. Le 7 juillet pass\u00e9, les b\u00eates de l\u2019imam Ratib de Man\u00e9 Counda et d\u2019autres \u00e9leveurs \u00e9taient la cible de voleurs en provenance de la Guin\u00e9e-Bissau. Mais, ils ont \u00e9t\u00e9 rep\u00e9r\u00e9s et pourchass\u00e9s dans la for\u00eat. Ce qui a provoqu\u00e9 un affrontement entre les populations de la localit\u00e9 et les malfrats lourdement arm\u00e9s. Les faits se sont d\u00e9roul\u00e9s entre les villages de Man\u00e9 Counda et Madina Peulh. A l\u2019issue des accrochages, un mort est not\u00e9 du c\u00f4t\u00e9 des malfrats.<br>Inform\u00e9e, la gendarmerie de Samine a proc\u00e9d\u00e9 d\u2019abord \u00e0 l\u2019arrestation de l\u2019imam ratib de Man\u00e9 Counda et le 14 ao\u00fbt, le pr\u00e9sident du Comit\u00e9 de vigilance contre le vol de b\u00e9tail, Jean S\u00e9raphin Man\u00e9, fut interpell\u00e9. Apr\u00e8s quelques jours pass\u00e9s \u00e0 la Brigade de Samine, les deux suspect\u00e9s dans la mort du voleur sont d\u00e9f\u00e9r\u00e9s au Parquet de S\u00e9dhiou.<br>Cette affaire est sur le point de plonger le d\u00e9partement de Goudomp dans la tension. Car ce dimanche, les diff\u00e9rents chefs de village du d\u00e9partement, les membres du Comit\u00e9 de vigilance contre le vol de b\u00e9tail et les populations ont fait face \u00e0 la presse pour r\u00e9clamer la lib\u00e9ration des deux d\u00e9tenus. Sinon, disent-ils, ils vont paralyser toutes les activit\u00e9s de la zone.<\/p>\n\n\n\n<p><strong>Arrestation de&nbsp;<\/strong><strong>l\u2019imam de Man\u00e9 Counda et du&nbsp;<\/strong><strong>pr\u00e9sident du Comit\u00e9 de vigilance contre&nbsp;<\/strong><strong>le vol de b\u00e9tail<\/strong><br>Herv\u00e9 Mansaly, le porte-parole des populations, regrette l\u2019arrestation de l\u2019imam et du pr\u00e9sident. \u00abNous savons qu\u2019au S\u00e9n\u00e9gal le vol de b\u00e9tail est criminalis\u00e9 et nous nous posons la question pourquoi l\u2019Etat du S\u00e9n\u00e9gal favorise les voleurs. Ils viennent ici toujours, volent nos b\u00e9tails et rentrent avec en Guin\u00e9e-Bissau. Et quand nous nous d\u00e9fendons, c\u2019est nous qui sommes interpell\u00e9s et jet\u00e9s en prison. Egalement quand un voleur est tu\u00e9, on est pris et envoy\u00e9s en prison. Alors que ces voleurs viennent lourdement arm\u00e9s et quand ils nous tuent, l\u2019Etat du S\u00e9n\u00e9gal ne fait rien. Nous sommes des S\u00e9n\u00e9\u00adgalais. On dit souvent que les Forces de d\u00e9fense et de s\u00e9curit\u00e9 ont pour mission de d\u00e9fendre les populations et leurs biens contre les voleurs. Toutes les nuits, les voleurs viennent ici, nous sommes all\u00e9es signaler \u00e7a, elles nous ont promis de faire des interventions, mais malheureusement rien n\u2019a \u00e9t\u00e9 fait\u00bb, expose M. Mansaly.<\/p>\n\n\n\n<p><strong>Vol transfrontalier<\/strong><br>Plus loin dans son argumentaire, le porte-parole d\u00e9nonce un \u00abkidnapping\u00bb et r\u00e9clame la lib\u00e9ration des deux personnalit\u00e9s du village. \u00abD\u2019abord le probl\u00e8me qui nous r\u00e9unit ici c\u2019est de d\u00e9plorer l\u2019arrestation ill\u00e9gale ou le kidnapping de Jean et de l\u2019imam de Man\u00e9 Counda et de r\u00e9clamer leur lib\u00e9ration. Oui\u00a0? C\u2019est ce que nous r\u00e9clamons. Nous r\u00e9clamons la lib\u00e9ration imm\u00e9diate et sans conditions du pr\u00e9sident du Comit\u00e9 de vigilance et de l\u2019imam. Nous informons \u00e0 ce propos que si la majorit\u00e9 des populations accepte, nous allons barrer toutes les pistes qui m\u00e8nent en Guin\u00e9e-Bissau et la Rn6 jusqu\u2019\u00e0 leur lib\u00e9ration.\u00bb<br>Il faut savoir que le d\u00e9partement de Goudomp est une partie de la r\u00e9gion de S\u00e9dhiou qui est lourdement impact\u00e9e par le vol de b\u00e9tail transfrontalier. Chaque ann\u00e9e, environ 400 b\u00eates sont emport\u00e9es par des voleurs en provenance de la Guin\u00e9e-Bissau et des bergers sont aussi tu\u00e9s par ces malfrats.<\/p>\n\n\n\n<p>LEQUOTIDIEN<\/p>\n","protected":false},"excerpt":{"rendered":"<p>A cause d\u2019un vol de b\u00e9tail \u00e0 Goudomp, un affrontement entre des hommes arm\u00e9s venus de la Guin\u00e9e-Bissau et les<\/p>\n","protected":false},"author":1,"featured_media":19436,"comment_status":"open","ping_status":"open","sticky":false,"template":"","format":"standard","meta":{"footnotes":""},"categories":[26],"tags":[],"class_list":["post-19435","post","type-post","status-publish","format-standard","has-post-thumbnail","hentry","category-fait-divers"],"_links":{"self":[{"href":"https:\/\/dekkbi.com\/index.php?rest_route=\/wp\/v2\/posts\/19435","targetHints":{"allow":["GET"]}}],"collection":[{"href":"https:\/\/dekkbi.com\/index.php?rest_route=\/wp\/v2\/posts"}],"about":[{"href":"https:\/\/dekkbi.com\/index.php?rest_route=\/wp\/v2\/types\/post"}],"author":[{"embeddable":true,"href":"https:\/\/dekkbi.com\/index.php?rest_route=\/wp\/v2\/users\/1"}],"replies":[{"embeddable":true,"href":"https:\/\/dekkbi.com\/index.php?rest_route=%2Fwp%2Fv2%2Fcomments&post=19435"}],"version-history":[{"count":1,"href":"https:\/\/dekkbi.com\/index.php?rest_route=\/wp\/v2\/posts\/19435\/revisions"}],"predecessor-version":[{"id":19437,"href":"https:\/\/dekkbi.com\/index.php?rest_route=\/wp\/v2\/posts\/19435\/revisions\/19437"}],"wp:featuredmedia":[{"embeddable":true,"href":"https:\/\/dekkbi.com\/index.php?rest_route=\/wp\/v2\/media\/19436"}],"wp:attachment":[{"href":"https:\/\/dekkbi.com\/index.php?rest_route=%2Fwp%2Fv2%2Fmedia&parent=19435"}],"wp:term":[{"taxonomy":"category","embeddable":true,"href":"https:\/\/dekkbi.com\/index.php?rest_route=%2Fwp%2Fv2%2Fcategories&post=19435"},{"taxonomy":"post_tag","embeddable":true,"href":"https:\/\/dekkbi.com\/index.php?rest_route=%2Fwp%2Fv2%2Ftags&post=19435"}],"curies":[{"name":"wp","href":"https:\/\/api.w.org\/{rel}","templated":true}]}}