{"id":19397,"date":"2023-08-21T12:19:13","date_gmt":"2023-08-21T12:19:13","guid":{"rendered":"https:\/\/dekkbi.com\/?p=19397"},"modified":"2023-08-21T12:19:15","modified_gmt":"2023-08-21T12:19:15","slug":"candidature-de-bby-en-2024-abdoulaye-vilane-rallonge-la-longue-liste-des-pretendants","status":"publish","type":"post","link":"https:\/\/dekkbi.com\/?p=19397","title":{"rendered":"Candidature de BBY en 2024 : Abdoulaye Vilane rallonge la longue liste des pr\u00e9tendants"},"content":{"rendered":"\n<p><strong>Alors que e pr\u00e9sident Macky Sall peine toujours \u00e0 trouver son successeur \u00e0 cause de la pl\u00e9thore candidats d\u00e9clar\u00e9s au sein de la majorit\u00e9, un autre pr\u00e9tendant vient de se signaler. En effet, invit\u00e9 de l\u2019\u00e9mission Diano bi de ce dimanche 20 ao\u00fbt sur la radio Sud Fm radio priv\u00e9e), Abdoulaye VILANE, porte parole national du parti socialiste, non moins pr\u00e9sident du conseil d\u00e9partemental de Fatick a d\u00e9clar\u00e9 publiquement son intention de vouloir briguer le suffrage des s\u00e9n\u00e9galais, rallongent ainsi \u00e0 la longue liste.<\/strong><\/p>\n\n\n\n<p>\u00ab&nbsp;Je l\u2019ai dis l\u00e0, o\u00f9 je devais le dire notamment au sein de l\u2019instance de mon parti. Si, c\u2019est vouloir \u00eatre candidat ou non, mes camarades de parti le savent tr\u00e8s bien, mes proches \u00e9galement. Tous ces gens qui m\u2019envoient des parrainages, savent ce que je veux \u00bb, a indiqu\u00e9 Abdoulaye Vilane, porte parole national du parti socialiste. Il \u00e9tait l\u2019invit\u00e9 de Maodo Faye, dans l\u2019\u00e9mission Diano bi de ce dimanche 20 ao\u00fbt. A la question de savoir s\u2019il veut r\u00e9ellement \u00eatre candidat, le pr\u00e9sident du conseil d\u00e9partemental de Fatick de r\u00e9torquer incha allah \u2018\u2019s\u2019il pla\u00eet \u00e0 Dieu\u2019\u2019.&nbsp;\u00bb<\/p>\n\n\n\n<p>Poursuivant son propos,&nbsp; il d\u00e9clare: \u00ab&nbsp;Je t\u2019avais une fois dis qu\u2019il n\u2019y a aucune ambition pour ce pays qui peut m\u2019impressionner. Avec mon exp\u00e9rience, mon parcours, ma vision et mon parti, me donnent la possibilit\u00e9 de pr\u00e9tendre &nbsp;diriger ce pays. Mais tout ce que je dois \u00eatre ou l\u2019avoir, ce sera avec le soutien total du parti. Mais si le parti porte son choix sur un autre, que ce soit Jean Baptiste ou Aminata Mbengue Ndiaye, je vais me soumettre.&nbsp;\u00bb<\/p>\n\n\n\n<p>\u00ab&nbsp;J\u2019esp\u00e8re que tous ceux-l\u00e0, qui pr\u00e9tendent \u00eatre candidat ou non que ce soit dans la majorit\u00e9 ou dans l\u2019opposition, il n\u2019y a personne qui a fait mieux que moi, en termes de parcours politique, de vision et la capacit\u00e9 \u00e0 travailler pour ce pays pour faire mieux que ce que Macky Sall, faire mieux que ce qu\u2019Abdoulaye Wade avait fait, faire encore beaucoup plus mieux ce qu\u2019avait fait Abdou Diouf et faire plus d\u2019innovations sur ce qu\u2019avait fait Senghor&nbsp;\u00bb, assure le candidat d\u00e9clar\u00e9 \u00e0 l\u2019\u00e9lection pr\u00e9sidentielle de f\u00e9vrier 2024.<\/p>\n\n\n\n<p>A l\u2019en croire, \u00ab&nbsp;Si cela n\u2019engageait que de moi seul, personne ne peut m\u2019interdire d\u2019\u00eatre candidat d\u00e8s le premier tour et inch allah, si je suis candidat, je gagnerai d\u00e8s le premier tour.&nbsp;\u00bb<\/p>\n\n\n\n<p>Par ailleurs, le porte-parole national du PS entend rassembler le parti, que leur a confi\u00e9 feu Ousmane Tanor Dieng pour cr\u00e9er un nouveau parti&nbsp;: \u00ab&nbsp;Ce que je veux c\u2019est de rassembler le parti. C\u2019est pourquoi je lance l\u2019id\u00e9e de \u2019\u2019 union socialiste\u2019\u2019. C\u2019est un nouveau parti qui s\u2019appelle \u2018\u2019union socialiste\u2019\u2019&nbsp;\u00bb, a-t-il soutenu.<\/p>\n\n\n\n<p>Ousmane GOUDIABY<\/p>\n\n\n\n<p>LESOLEIL<\/p>\n","protected":false},"excerpt":{"rendered":"<p>Alors que e pr\u00e9sident Macky Sall peine toujours \u00e0 trouver son successeur \u00e0 cause de la pl\u00e9thore candidats d\u00e9clar\u00e9s au<\/p>\n","protected":false},"author":1,"featured_media":19398,"comment_status":"open","ping_status":"open","sticky":false,"template":"","format":"standard","meta":{"footnotes":""},"categories":[6],"tags":[],"class_list":["post-19397","post","type-post","status-publish","format-standard","has-post-thumbnail","hentry","category-politics"],"_links":{"self":[{"href":"https:\/\/dekkbi.com\/index.php?rest_route=\/wp\/v2\/posts\/19397","targetHints":{"allow":["GET"]}}],"collection":[{"href":"https:\/\/dekkbi.com\/index.php?rest_route=\/wp\/v2\/posts"}],"about":[{"href":"https:\/\/dekkbi.com\/index.php?rest_route=\/wp\/v2\/types\/post"}],"author":[{"embeddable":true,"href":"https:\/\/dekkbi.com\/index.php?rest_route=\/wp\/v2\/users\/1"}],"replies":[{"embeddable":true,"href":"https:\/\/dekkbi.com\/index.php?rest_route=%2Fwp%2Fv2%2Fcomments&post=19397"}],"version-history":[{"count":1,"href":"https:\/\/dekkbi.com\/index.php?rest_route=\/wp\/v2\/posts\/19397\/revisions"}],"predecessor-version":[{"id":19399,"href":"https:\/\/dekkbi.com\/index.php?rest_route=\/wp\/v2\/posts\/19397\/revisions\/19399"}],"wp:featuredmedia":[{"embeddable":true,"href":"https:\/\/dekkbi.com\/index.php?rest_route=\/wp\/v2\/media\/19398"}],"wp:attachment":[{"href":"https:\/\/dekkbi.com\/index.php?rest_route=%2Fwp%2Fv2%2Fmedia&parent=19397"}],"wp:term":[{"taxonomy":"category","embeddable":true,"href":"https:\/\/dekkbi.com\/index.php?rest_route=%2Fwp%2Fv2%2Fcategories&post=19397"},{"taxonomy":"post_tag","embeddable":true,"href":"https:\/\/dekkbi.com\/index.php?rest_route=%2Fwp%2Fv2%2Ftags&post=19397"}],"curies":[{"name":"wp","href":"https:\/\/api.w.org\/{rel}","templated":true}]}}