{"id":19394,"date":"2023-08-21T12:14:47","date_gmt":"2023-08-21T12:14:47","guid":{"rendered":"https:\/\/dekkbi.com\/?p=19394"},"modified":"2023-08-21T12:14:49","modified_gmt":"2023-08-21T12:14:49","slug":"15e-sommet-des-brics-macky-sall-attendu-a-johannesburg-ce-mardi","status":"publish","type":"post","link":"https:\/\/dekkbi.com\/?p=19394","title":{"rendered":"15e Sommet des BRICS\u00a0:\u00a0Macky Sall attendu \u00e0 Johannesburg, ce mardi"},"content":{"rendered":"\n<p>\u00c0 l\u2019invitation de Cyril Ramaphosa, Pr\u00e9sident de la R\u00e9publique d\u2019Afrique du Sud, le Pr\u00e9sident Macky Sall quitte ce 22 ao\u00fbt 2023 pour prendre part, les 23 et 24 ao\u00fbt 2023, au 15e Sommet des BRICS \u00e0 Johannesburg.<\/p>\n\n\n\n<p>Pour rappel, le Groupe des BRICS comprend le Br\u00e9sil, la Russie, l\u2019Inde, la Chine et l\u2019Afrique du Sud. Dans un esprit d\u2019inclusion et d\u2019ouverture, le 15e Sommet tiendra une s\u00e9ance sp\u00e9ciale de dialogue avec l\u2019Afrique \u00e0 laquelle sont convi\u00e9s quelques leaders africains. Le th\u00e8me de la s\u00e9ance portera sur : \u00ab&nbsp;Les BRICS et l\u2019Afrique : partenariat pour une croissance mutuellement acc\u00e9l\u00e9r\u00e9e, un d\u00e9veloppement durable et un multilat\u00e9ralisme inclusif&nbsp;\u00bb.<\/p>\n\n\n\n<p>En marge du Sommet, le Pr\u00e9sident Sall, en sa qualit\u00e9 de co-pr\u00e9sident du Forum sur la coop\u00e9ration sino africaine, participera \u00e0 une r\u00e9union sur le partenariat Chine-Afrique, entre un groupe restreint de Chefs d\u2019Etat africain, d\u2019une part, et Xi Jinping, Pr\u00e9sident de la R\u00e9publique Populaire de Chine d\u2019autre part.<\/p>\n\n\n\n<p>\u00a0Le retour du Chef de l\u2019Etat est pr\u00e9vu le 25 ao\u00fbt 2023.<\/p>\n\n\n\n<p>LESOLEIL<\/p>\n","protected":false},"excerpt":{"rendered":"<p>\u00c0 l\u2019invitation de Cyril Ramaphosa, Pr\u00e9sident de la R\u00e9publique d\u2019Afrique du Sud, le Pr\u00e9sident Macky Sall quitte ce 22 ao\u00fbt<\/p>\n","protected":false},"author":1,"featured_media":19395,"comment_status":"open","ping_status":"open","sticky":false,"template":"","format":"standard","meta":{"footnotes":""},"categories":[3],"tags":[],"class_list":["post-19394","post","type-post","status-publish","format-standard","has-post-thumbnail","hentry","category-event-more-news"],"_links":{"self":[{"href":"https:\/\/dekkbi.com\/index.php?rest_route=\/wp\/v2\/posts\/19394","targetHints":{"allow":["GET"]}}],"collection":[{"href":"https:\/\/dekkbi.com\/index.php?rest_route=\/wp\/v2\/posts"}],"about":[{"href":"https:\/\/dekkbi.com\/index.php?rest_route=\/wp\/v2\/types\/post"}],"author":[{"embeddable":true,"href":"https:\/\/dekkbi.com\/index.php?rest_route=\/wp\/v2\/users\/1"}],"replies":[{"embeddable":true,"href":"https:\/\/dekkbi.com\/index.php?rest_route=%2Fwp%2Fv2%2Fcomments&post=19394"}],"version-history":[{"count":1,"href":"https:\/\/dekkbi.com\/index.php?rest_route=\/wp\/v2\/posts\/19394\/revisions"}],"predecessor-version":[{"id":19396,"href":"https:\/\/dekkbi.com\/index.php?rest_route=\/wp\/v2\/posts\/19394\/revisions\/19396"}],"wp:featuredmedia":[{"embeddable":true,"href":"https:\/\/dekkbi.com\/index.php?rest_route=\/wp\/v2\/media\/19395"}],"wp:attachment":[{"href":"https:\/\/dekkbi.com\/index.php?rest_route=%2Fwp%2Fv2%2Fmedia&parent=19394"}],"wp:term":[{"taxonomy":"category","embeddable":true,"href":"https:\/\/dekkbi.com\/index.php?rest_route=%2Fwp%2Fv2%2Fcategories&post=19394"},{"taxonomy":"post_tag","embeddable":true,"href":"https:\/\/dekkbi.com\/index.php?rest_route=%2Fwp%2Fv2%2Ftags&post=19394"}],"curies":[{"name":"wp","href":"https:\/\/api.w.org\/{rel}","templated":true}]}}