{"id":19389,"date":"2023-08-21T12:08:50","date_gmt":"2023-08-21T12:08:50","guid":{"rendered":"https:\/\/dekkbi.com\/?p=19389"},"modified":"2023-08-21T12:08:51","modified_gmt":"2023-08-21T12:08:51","slug":"pape-momar-sow-signe-son-entree-dans-le-monde-romanesque-avec-le-roi-et-les-pretendants","status":"publish","type":"post","link":"https:\/\/dekkbi.com\/?p=19389","title":{"rendered":"Pape Momar Sow signe son entr\u00e9e dans le monde romanesque avec \u00ab\u00a0Le roi et les pr\u00e9tendants\u00a0\u00bb"},"content":{"rendered":"\n<p>Dakar,  (APS) \u2013 L\u2019\u00e9crivain Pape Momar Sow a pr\u00e9sent\u00e9 son premier roman, un conte socio-politique intitul\u00e9 \u00ab\u00a0Le roi et les pr\u00e9tendants\u00a0\u00bb mettant en sc\u00e8ne dans une comp\u00e9tition assez \u00e9quilibr\u00e9e des candidats voulant \u00e9pouser la fille du roi.<\/p>\n\n\n\n<p>\u2018\u2019Ce livre n\u2019est pas forc\u00e9ment un ouvrage didactique, mais une cr\u00e9ation d\u2019art. Un ouvrage socio-politique qui met dans une comp\u00e9tition assez bien \u00e9quilibr\u00e9e seize candidats qui se sont bien d\u00e9fendus devant deux jurys\u2019\u2019, a expliqu\u00e9 l\u2019auteur lors d\u2019une pr\u00e9sentation, samedi.<\/p>\n\n\n\n<p>Le livre raconte l\u2019histoire du roi Cir\u00e9 et de sa fille Anta, ainsi que des candidats en comp\u00e9tition pour \u00e9pouser la princesse.<\/p>\n\n\n\n<p>L\u2019auteur met en sc\u00e8ne deux jurys, l\u2019un populaire dans lequel prend part toute la communaut\u00e9, et l\u2019autre celui des experts, compos\u00e9 exclusivement des conseillers du roi.<\/p>\n\n\n\n<p>Il d\u00e9crit \u2018\u2019la princesse Anta comme \u00e9tant tr\u00e8s belle, intelligente et ambitieuse, future h\u00e9riti\u00e8re du tr\u00f4ne dot\u00e9e de beaucoup de bonnes qualit\u00e9s, alors que les 16 pr\u00e9tendants sont tous issus de toutes les couches de la soci\u00e9t\u00e9\u2019\u2019.<\/p>\n\n\n\n<p>\u00ab&nbsp;Il y a dans ce livre une fa\u00e7on de voir et de faire voir&nbsp;\u00bb, fait remarquer l\u2019auteur, soulignant que son importance est la mission d\u2019ensemble soulev\u00e9e.<\/p>\n\n\n\n<p>\u2018\u2019La comp\u00e9tition dans le livre est juste une modalit\u00e9 pour d\u00e9terminer le choix d\u00e9fini, qui n\u2019est pas une fin en soi\u2019\u2019, pr\u00e9cise Pape Momar Sow, qui a exerc\u00e9 de hautes fonctions au minist\u00e8re de l\u2019Education nationale et dans des organisations internationales, notamment \u00e0 la CEDEAO o\u00f9 il est en poste actuellement.<\/p>\n\n\n\n<p>L\u2019auteur qui dit \u00eatre tomb\u00e9 dans l\u2019\u00e9criture par \u2018\u2019accident\u2019\u2019, estime que des gens l\u2019attendaient dans l\u2019\u00e9criture plut\u00f4t avec des ouvrages sur l\u2019\u00e9ducation, mais pas en fiction.<\/p>\n\n\n\n<p>\u2018\u2019J\u2019ai choisi d\u2019entrer dans l\u2019\u00e9criture par la fiction parce qu\u2019elle est \u00e9ternelle (\u2026) j\u2019ai voulu \u00eatre dans cette dynamique de faire des choses qui puissent non seulement reprendre in fine les probl\u00e9matiques des \u0153uvres non fiction et le dire \u00e0 l\u2019Africaine, \u00e0 travers le conte et la narration qui nous appartiennent pour marquer mon authenticit\u00e9 par rapport \u00e0 l\u2019art\u2019\u2019, explique l\u2019auteur.<\/p>\n\n\n\n<p>Le roman aborde plusieurs sujets li\u00e9s \u00e0 la famille, \u00e0 l\u2019amour, la soci\u00e9t\u00e9, &nbsp;aux valeurs essentielles, \u00e0 l\u2019humanit\u00e9, entre autres, selon l\u2019\u00e9crivain qui rapporte les observations de ses lecteurs.<\/p>\n\n\n\n<p>Pour El Hadji Hamidou Kass\u00e9, \u00e9crivain et conseiller du chef de l\u2019Etat, Macky Sall, \u2018\u2019le livre est une sorte de br\u00e9viaire de la qualit\u00e9, de la vertu et de la comp\u00e9tition. La trame de fond montre une soci\u00e9t\u00e9 de comp\u00e9tition saine, la comp\u00e9tition de nawl\u00e9 (\u00e9gaux)\u2019\u2019.<\/p>\n\n\n\n<p>Il recommande une large diffusion de l\u2019ouvrage de Pape Momar Sow dans les coll\u00e8ges, et surtout, une adaptation \u00e0 l\u2019\u00e9cran de ce roman, car \u2018\u2019nous sommes dans une soci\u00e9t\u00e9 de l\u2019image\u2019\u2019, dit-il.<\/p>\n\n\n\n<p>Pr\u00e9sident du conseil d\u2019administration du Mus\u00e9e des civilisations noires, Abdoulaye Racine Senghor, salue la ma\u00eetrise du sujet par l\u2019auteur.<\/p>\n\n\n\n<p>\u2018\u2019Il ma\u00eetrise le contenu, les personnages, les situations, le temps et l\u2019espace\u2019\u2019, a-t-il soulign\u00e9.<\/p>\n\n\n\n<p>\u2018\u2019C\u2019est une tr\u00e8s belle histoire, un livre qui est un condens\u00e9 extr\u00eamement r\u00e9ussi de cultures, de g\u00e9n\u00e9rosit\u00e9s, d\u2019exp\u00e9riences glan\u00e9es sur le chemin de la vie d\u2019homme\u2019\u2019, a ajout\u00e9 Racine Senghor.<\/p>\n\n\n\n<p>Il se dit \u00e9mu du caract\u00e8re int\u00e9ressant que r\u00e9v\u00e8le le passage de ces pr\u00e9tendants qui sont confront\u00e9s au roi, qui lui aussi est un homme extraordinaire et d\u2019un esprit impressionnant.<\/p>\n\n\n\n<p>\u2018\u2019La d\u00e9marche du roi dans ce dialogue entre les pr\u00e9tendants est instructive et m\u00e9thodique&nbsp;\u00bb, a t-il relev\u00e9, plaidant pour la diffusion \u00e0 grande \u00e9chelle de ce roman. L\u2019ouvrage \u2018\u2019Le roi et ses pr\u00e9tendants\u2019\u2019 (224 pages) de Pape Momar Sow est \u00e9dit\u00e9 chez les \u2018\u2019\u00e9ditions Nara\u2019\u2019, gr\u00e2ce au fonds d\u2019aide \u00e0 l\u2019\u00e9dition, du minist\u00e8re de la Culture et de la Patrimoine historique.<\/p>\n\n\n\n<p>AN\/FKS\/ASG<\/p>\n","protected":false},"excerpt":{"rendered":"<p>Dakar, (APS) \u2013 L\u2019\u00e9crivain Pape Momar Sow a pr\u00e9sent\u00e9 son premier roman, un conte socio-politique intitul\u00e9 \u00ab\u00a0Le roi et les<\/p>\n","protected":false},"author":1,"featured_media":19390,"comment_status":"open","ping_status":"open","sticky":false,"template":"","format":"standard","meta":{"footnotes":""},"categories":[21],"tags":[],"class_list":["post-19389","post","type-post","status-publish","format-standard","has-post-thumbnail","hentry","category-societe"],"_links":{"self":[{"href":"https:\/\/dekkbi.com\/index.php?rest_route=\/wp\/v2\/posts\/19389","targetHints":{"allow":["GET"]}}],"collection":[{"href":"https:\/\/dekkbi.com\/index.php?rest_route=\/wp\/v2\/posts"}],"about":[{"href":"https:\/\/dekkbi.com\/index.php?rest_route=\/wp\/v2\/types\/post"}],"author":[{"embeddable":true,"href":"https:\/\/dekkbi.com\/index.php?rest_route=\/wp\/v2\/users\/1"}],"replies":[{"embeddable":true,"href":"https:\/\/dekkbi.com\/index.php?rest_route=%2Fwp%2Fv2%2Fcomments&post=19389"}],"version-history":[{"count":1,"href":"https:\/\/dekkbi.com\/index.php?rest_route=\/wp\/v2\/posts\/19389\/revisions"}],"predecessor-version":[{"id":19391,"href":"https:\/\/dekkbi.com\/index.php?rest_route=\/wp\/v2\/posts\/19389\/revisions\/19391"}],"wp:featuredmedia":[{"embeddable":true,"href":"https:\/\/dekkbi.com\/index.php?rest_route=\/wp\/v2\/media\/19390"}],"wp:attachment":[{"href":"https:\/\/dekkbi.com\/index.php?rest_route=%2Fwp%2Fv2%2Fmedia&parent=19389"}],"wp:term":[{"taxonomy":"category","embeddable":true,"href":"https:\/\/dekkbi.com\/index.php?rest_route=%2Fwp%2Fv2%2Fcategories&post=19389"},{"taxonomy":"post_tag","embeddable":true,"href":"https:\/\/dekkbi.com\/index.php?rest_route=%2Fwp%2Fv2%2Ftags&post=19389"}],"curies":[{"name":"wp","href":"https:\/\/api.w.org\/{rel}","templated":true}]}}