{"id":19377,"date":"2023-08-21T10:28:28","date_gmt":"2023-08-21T10:28:28","guid":{"rendered":"https:\/\/dekkbi.com\/?p=19377"},"modified":"2023-08-21T10:28:29","modified_gmt":"2023-08-21T10:28:29","slug":"migrants-senegalais-les-depouilles-attendues-du-cap-vert-seront-finalement-inhumees-sur-place","status":"publish","type":"post","link":"https:\/\/dekkbi.com\/?p=19377","title":{"rendered":"\u00a0Migrants s\u00e9n\u00e9galais : les d\u00e9pouilles attendues du Cap-Vert seront finalement inhum\u00e9es sur place"},"content":{"rendered":"\n<p>Sal (Cap-Vert), 21 ao\u00fbt (APS) \u2013 Les d\u00e9pouilles de sept migrants s\u00e9n\u00e9galais dont l\u2019embarcation avait \u00e9chou\u00e9 au Cap-Vert seront finalement inhum\u00e9es sur place, a appris l\u2019envoy\u00e9 sp\u00e9cial de l\u2019APS du Minist\u00e8re des S\u00e9n\u00e9galais de l\u2019ext\u00e9rieur.<\/p>\n\n\n\n<p>Les corps de ces migrants devaient \u00eatre initialement rapatri\u00e9s au S\u00e9n\u00e9gal.<\/p>\n\n\n\n<p>\u00ab&nbsp;Il a \u00e9t\u00e9 finalement d\u00e9cid\u00e9 d\u2019inhumer les sept corps sur place en raison de l\u2019\u00e9tat dans lequel ils se trouvent&nbsp;\u00bb, a indiqu\u00e9 le cabinet de la ministre en charge des S\u00e9n\u00e9galais de l\u2019ext\u00e9rieur.<\/p>\n\n\n\n<p>Le d\u00e9partement minist\u00e9riel a pris \u00ab&nbsp;contact avec un Imam au niveau local pour les besoins de l\u2019inhumation en rapport avec la repr\u00e9sentation diplomatique s\u00e9n\u00e9galaise au Cap-Vert&nbsp;\u00bb.<\/p>\n\n\n\n<p>\u00ab&nbsp;L\u2019inhumation pourrait avoir lieu cet apr\u00e8s-midi demain (mardi)&nbsp;\u00bb, selon le cabinet de la ministre Dr Annette Seck Ndiaye.<\/p>\n\n\n\n<p>La m\u00eame source a ajout\u00e9 que cette d\u00e9cision a \u00e9t\u00e9 prise \u00ab&nbsp;apr\u00e8s concertation avec les repr\u00e9sentants de Fass Boye faisant partie de la d\u00e9l\u00e9gation&nbsp;\u00bb du minist\u00e8re en charge des S\u00e9n\u00e9galais de l\u2019ext\u00e9rieur.<\/p>\n\n\n\n<p>\u00ab&nbsp;Le vol va quitter Sall \u00e0 11 heures locales (10 heures \u00e0 Dakar) [\u2026] apr\u00e8s une visite de la d\u00e9l\u00e9gation \u00e0 la morgue de l\u2019h\u00f4pital local, les autres rescap\u00e9s devraient embarquer dans ce vol de rapatriement&nbsp;\u00bb, a soulign\u00e9 la m\u00eame source.<\/p>\n\n\n\n<p>AKS\/MTN\/BK<\/p>\n","protected":false},"excerpt":{"rendered":"<p>Sal (Cap-Vert), 21 ao\u00fbt (APS) \u2013 Les d\u00e9pouilles de sept migrants s\u00e9n\u00e9galais dont l\u2019embarcation avait \u00e9chou\u00e9 au Cap-Vert seront finalement<\/p>\n","protected":false},"author":1,"featured_media":19378,"comment_status":"open","ping_status":"open","sticky":false,"template":"","format":"standard","meta":{"footnotes":""},"categories":[21],"tags":[],"class_list":["post-19377","post","type-post","status-publish","format-standard","has-post-thumbnail","hentry","category-societe"],"_links":{"self":[{"href":"https:\/\/dekkbi.com\/index.php?rest_route=\/wp\/v2\/posts\/19377","targetHints":{"allow":["GET"]}}],"collection":[{"href":"https:\/\/dekkbi.com\/index.php?rest_route=\/wp\/v2\/posts"}],"about":[{"href":"https:\/\/dekkbi.com\/index.php?rest_route=\/wp\/v2\/types\/post"}],"author":[{"embeddable":true,"href":"https:\/\/dekkbi.com\/index.php?rest_route=\/wp\/v2\/users\/1"}],"replies":[{"embeddable":true,"href":"https:\/\/dekkbi.com\/index.php?rest_route=%2Fwp%2Fv2%2Fcomments&post=19377"}],"version-history":[{"count":1,"href":"https:\/\/dekkbi.com\/index.php?rest_route=\/wp\/v2\/posts\/19377\/revisions"}],"predecessor-version":[{"id":19379,"href":"https:\/\/dekkbi.com\/index.php?rest_route=\/wp\/v2\/posts\/19377\/revisions\/19379"}],"wp:featuredmedia":[{"embeddable":true,"href":"https:\/\/dekkbi.com\/index.php?rest_route=\/wp\/v2\/media\/19378"}],"wp:attachment":[{"href":"https:\/\/dekkbi.com\/index.php?rest_route=%2Fwp%2Fv2%2Fmedia&parent=19377"}],"wp:term":[{"taxonomy":"category","embeddable":true,"href":"https:\/\/dekkbi.com\/index.php?rest_route=%2Fwp%2Fv2%2Fcategories&post=19377"},{"taxonomy":"post_tag","embeddable":true,"href":"https:\/\/dekkbi.com\/index.php?rest_route=%2Fwp%2Fv2%2Ftags&post=19377"}],"curies":[{"name":"wp","href":"https:\/\/api.w.org\/{rel}","templated":true}]}}