{"id":19361,"date":"2023-08-20T13:28:58","date_gmt":"2023-08-20T13:28:58","guid":{"rendered":"https:\/\/dekkbi.com\/?p=19361"},"modified":"2023-08-20T13:28:59","modified_gmt":"2023-08-20T13:28:59","slug":"rfi-actualites-info-news-en-direct-radio-france-internationale-2","status":"publish","type":"post","link":"https:\/\/dekkbi.com\/?p=19361","title":{"rendered":"RFI &#8211; Actualit\u00e9s, info, news en direct &#8211; Radio France Internationale"},"content":{"rendered":"\n<p>Dans une adresse \u00e0 la nation prononc\u00e9e sur la t\u00e9l\u00e9vision publique nig\u00e9rienne T\u00e9l\u00e9 Sahel, Abdourahamane Tiani, chef de la junte, a annonc\u00e9 la mise en place d&rsquo;un \u00ab\u00a0dialogue national inclusif\u00a0\u00bb dans un d\u00e9lai de 30 jours et annonce une transition qui \u00ab<em>\u00a0ne saurait aller au-del\u00e0 de trois ans\u00a0<\/em>\u00bb<\/p>\n\n\n\n<p>Alors que les chefs d&rsquo;\u00e9tat-major de la C\u00e9d\u00e9ao se disent pr\u00eats \u00e0 intervenir militairement au Niger, le g\u00e9n\u00e9ral Tiani, \u00e0 la t\u00eate de la junte militaire qui a renvers\u00e9 le pr\u00e9sident Bazoum le 26 juillet, a pris la parole ce samedi 19 ao\u00fbt \u00e0 la t\u00e9l\u00e9vision nig\u00e9rienne<\/p>\n\n\n\n<p>Niger: le g\u00e9n\u00e9ral Tiani convoque un dialogue national inclusif. Dans une adresse \u00e0 la nation prononc\u00e9e sur la t\u00e9l\u00e9vision publique nig\u00e9rienne T\u00e9l\u00e9 Sahel, Abdourahamane Tiani, chef de la junte, a annonc\u00e9 la mise en place d&rsquo;un \u00ab dialogue national inclusif \u00bb dans un d\u00e9lai de 30 jours et annonce une transition qui \u00ab ne saurait aller au-del\u00e0 de trois ans \u00bb.<\/p>\n\n\n\n<p>Le g\u00e9n\u00e9ral Tiani, chef de la junte nig\u00e9rienne, lors de son allocution t\u00e9l\u00e9vis\u00e9e sur T\u00e9l\u00e9 Sahel, le 19 ao\u00fbt 2023.Le g\u00e9n\u00e9ral Tiani, chef de la junte nig\u00e9rienne, lors de son allocution t\u00e9l\u00e9vis\u00e9e sur T\u00e9l\u00e9 Sahel, le 19 ao\u00fbt 2023. \u00a9 ORTNTexte par :RFISuivrePUBLICIT\u00c9Alors que les chefs d&rsquo;\u00e9tat-major de la C\u00e9d\u00e9ao se disent pr\u00eats \u00e0 intervenir militairement au Niger, le g\u00e9n\u00e9ral Tiani, \u00e0 la t\u00eate de la junte militaire qui a renvers\u00e9 le pr\u00e9sident Bazoum le 26 juillet, a pris la parole ce samedi 19 ao\u00fbt \u00e0 la t\u00e9l\u00e9vision nig\u00e9rienne.\u00ab La C\u00e9d\u00e9ao s&rsquo;appr\u00eate \u00e0 agresser le Niger en mettant sur pied une arm\u00e9e d&rsquo;occupation en collaboration avec une arm\u00e9e \u00e9trang\u00e8re \u00bb, a poursuivi le g\u00e9n\u00e9ral Tiani sans citer de pays. \u00ab Ni le Conseil national pour la sauvegarde de la patrie, ni le peuple nig\u00e9rien ne veulent d&rsquo;une guerre \u00bb, \u00ab mais si une agression devait \u00eatre entreprise, elle ne sera pas la promenade de sant\u00e9 \u00e0 laquelle certains croient \u00bb, a-t-il pr\u00e9venu : \u00ab les forces de d\u00e9fense \u00bb nig\u00e9riennes \u00ab ne se d\u00e9roberont pas \u00bb, soutenues par le Burkina Faso, le Mali et la Guin\u00e9e, a-t-il dit. \u00ab Notre ambition n&rsquo;est pas de confisquer le pouvoir \u00bb, a-t-il \u00e9galement promis.<\/p>\n","protected":false},"excerpt":{"rendered":"<p>Dans une adresse \u00e0 la nation prononc\u00e9e sur la t\u00e9l\u00e9vision publique nig\u00e9rienne T\u00e9l\u00e9 Sahel, Abdourahamane Tiani, chef de la junte,<\/p>\n","protected":false},"author":1,"featured_media":19362,"comment_status":"open","ping_status":"open","sticky":false,"template":"","format":"standard","meta":{"footnotes":""},"categories":[51],"tags":[],"class_list":["post-19361","post","type-post","status-publish","format-standard","has-post-thumbnail","hentry","category-general"],"_links":{"self":[{"href":"https:\/\/dekkbi.com\/index.php?rest_route=\/wp\/v2\/posts\/19361","targetHints":{"allow":["GET"]}}],"collection":[{"href":"https:\/\/dekkbi.com\/index.php?rest_route=\/wp\/v2\/posts"}],"about":[{"href":"https:\/\/dekkbi.com\/index.php?rest_route=\/wp\/v2\/types\/post"}],"author":[{"embeddable":true,"href":"https:\/\/dekkbi.com\/index.php?rest_route=\/wp\/v2\/users\/1"}],"replies":[{"embeddable":true,"href":"https:\/\/dekkbi.com\/index.php?rest_route=%2Fwp%2Fv2%2Fcomments&post=19361"}],"version-history":[{"count":1,"href":"https:\/\/dekkbi.com\/index.php?rest_route=\/wp\/v2\/posts\/19361\/revisions"}],"predecessor-version":[{"id":19363,"href":"https:\/\/dekkbi.com\/index.php?rest_route=\/wp\/v2\/posts\/19361\/revisions\/19363"}],"wp:featuredmedia":[{"embeddable":true,"href":"https:\/\/dekkbi.com\/index.php?rest_route=\/wp\/v2\/media\/19362"}],"wp:attachment":[{"href":"https:\/\/dekkbi.com\/index.php?rest_route=%2Fwp%2Fv2%2Fmedia&parent=19361"}],"wp:term":[{"taxonomy":"category","embeddable":true,"href":"https:\/\/dekkbi.com\/index.php?rest_route=%2Fwp%2Fv2%2Fcategories&post=19361"},{"taxonomy":"post_tag","embeddable":true,"href":"https:\/\/dekkbi.com\/index.php?rest_route=%2Fwp%2Fv2%2Ftags&post=19361"}],"curies":[{"name":"wp","href":"https:\/\/api.w.org\/{rel}","templated":true}]}}