{"id":19344,"date":"2023-08-20T13:05:22","date_gmt":"2023-08-20T13:05:22","guid":{"rendered":"https:\/\/dekkbi.com\/?p=19344"},"modified":"2023-08-20T13:05:23","modified_gmt":"2023-08-20T13:05:23","slug":"le-brt-va-ses-premiers-essais-lundi-le-gouverneur-de-dakar-previent","status":"publish","type":"post","link":"https:\/\/dekkbi.com\/?p=19344","title":{"rendered":"Le BRT va ses premiers essais lundi, le gouverneur de Dakar pr\u00e9vient !"},"content":{"rendered":"\n<p>I<\/p>\n\n\n\n<p>GFM &#8211; (Dakar) D\u00e8s demain lundi, le Bus Rapide Transit (Brt) entamera ses essais statiques. Le gouverneur de Dakar a tenu \u00e0 lancer un message aux populations.<\/p>\n\n\n\n<p>C\u2019est Al Hassan Sall, le gouverneur de Dakar, qui en donne l&rsquo;information. Il renseigne qu&rsquo;en perspective de l&rsquo;exploitation commerciale du Brt, des essais statiques sont pr\u00e9vus \u00e0 partir du lundi 21 ao\u00fbt 2023. Toutefois, l\u2019administrateur civil souligne que des occupations irr\u00e9guli\u00e8res ont \u00e9t\u00e9 constat\u00e9es au niveau des couloirs du Brt ainsi que sur les voies de circulation g\u00e9n\u00e9rale.<br><br>\u00abAussi, des particuliers s&rsquo;adonnent-ils \u00e0 des activit\u00e9s de vente et de r\u00e9paration de v\u00e9hicules sur les emprises du Brt\u00bb, dit-il. Le gouverneur invite les propri\u00e9taires ou d\u00e9tenteurs de marchandises, de pi\u00e8ces d\u00e9tach\u00e9es, d&rsquo;objets encombrants, d\u00e9pos\u00e9s sur les emprises du BRT, \u00e0 proc\u00e9der, sans d\u00e9lai, \u00e0 leur enl\u00e8vement.&nbsp;\u00c0 &nbsp;d\u00e9faut, pr\u00e9vient-il, \u00abl&rsquo;Administration se r\u00e9serve le droit de prendre toutes les dispositions pour \u00e9radiquer toute forme d&rsquo;occupation ill\u00e9gale des infrastructures, \u00e9quipements et couloir du BRT, emp\u00eachant la mobilit\u00e9 des personnes et la bonne ex\u00e9cution des essais.\u00bb<\/p>\n","protected":false},"excerpt":{"rendered":"<p>I GFM &#8211; (Dakar) D\u00e8s demain lundi, le Bus Rapide Transit (Brt) entamera ses essais statiques. Le gouverneur de Dakar<\/p>\n","protected":false},"author":1,"featured_media":9749,"comment_status":"open","ping_status":"open","sticky":false,"template":"","format":"standard","meta":{"footnotes":""},"categories":[3],"tags":[],"class_list":["post-19344","post","type-post","status-publish","format-standard","has-post-thumbnail","hentry","category-event-more-news"],"_links":{"self":[{"href":"https:\/\/dekkbi.com\/index.php?rest_route=\/wp\/v2\/posts\/19344","targetHints":{"allow":["GET"]}}],"collection":[{"href":"https:\/\/dekkbi.com\/index.php?rest_route=\/wp\/v2\/posts"}],"about":[{"href":"https:\/\/dekkbi.com\/index.php?rest_route=\/wp\/v2\/types\/post"}],"author":[{"embeddable":true,"href":"https:\/\/dekkbi.com\/index.php?rest_route=\/wp\/v2\/users\/1"}],"replies":[{"embeddable":true,"href":"https:\/\/dekkbi.com\/index.php?rest_route=%2Fwp%2Fv2%2Fcomments&post=19344"}],"version-history":[{"count":1,"href":"https:\/\/dekkbi.com\/index.php?rest_route=\/wp\/v2\/posts\/19344\/revisions"}],"predecessor-version":[{"id":19345,"href":"https:\/\/dekkbi.com\/index.php?rest_route=\/wp\/v2\/posts\/19344\/revisions\/19345"}],"wp:featuredmedia":[{"embeddable":true,"href":"https:\/\/dekkbi.com\/index.php?rest_route=\/wp\/v2\/media\/9749"}],"wp:attachment":[{"href":"https:\/\/dekkbi.com\/index.php?rest_route=%2Fwp%2Fv2%2Fmedia&parent=19344"}],"wp:term":[{"taxonomy":"category","embeddable":true,"href":"https:\/\/dekkbi.com\/index.php?rest_route=%2Fwp%2Fv2%2Fcategories&post=19344"},{"taxonomy":"post_tag","embeddable":true,"href":"https:\/\/dekkbi.com\/index.php?rest_route=%2Fwp%2Fv2%2Ftags&post=19344"}],"curies":[{"name":"wp","href":"https:\/\/api.w.org\/{rel}","templated":true}]}}