{"id":19338,"date":"2023-08-20T13:00:33","date_gmt":"2023-08-20T13:00:33","guid":{"rendered":"https:\/\/dekkbi.com\/?p=19338"},"modified":"2023-08-20T13:00:34","modified_gmt":"2023-08-20T13:00:34","slug":"incendie-au-marche-central-de-tambacounda-plusieurs-magasins-reduits-en-cendres","status":"publish","type":"post","link":"https:\/\/dekkbi.com\/?p=19338","title":{"rendered":"Incendie au march\u00e9 central de Tambacounda: Plusieurs magasins r\u00e9duits en cendres"},"content":{"rendered":"\n<p>Tambacounda (lesoleil.sn)- Un incendie d\u2019une rare violence, qui s\u2019est d\u00e9clar\u00e9 au march\u00e9 central de Tambacounda, a r\u00e9duit plusieurs magasins en amas de cendre. En effet, c\u2019est aux environs de 4 heures du matin que le feu s\u2019est propag\u00e9 emportant sous ses flammes des produits cosm\u00e9tiques : parfums, cr\u00e8me, savons etc.Les vendeurs de vaisselles, dont les boutiques align\u00e9es non loin de la chambre de m\u00e9tiers o\u00f9 l\u2019incendie se serait d\u00e9clar\u00e9, n\u2019ont pas non plus \u00e9t\u00e9 \u00e9pargn\u00e9s.\u00abN\u2019eut \u00e9t\u00e9 la promptitude des sapeurs-pompiers, qui sont arriv\u00e9s tr\u00e8s t\u00f4t sur les lieux avec un mat\u00e9riel important, les d\u00e9g\u00e2ts auraient \u00e9t\u00e9 plus importants \u00bb, s\u2019est r\u00e9joui Babacar Ciss\u00e9, vice-pr\u00e9sident et porte-parole des d\u00e9l\u00e9gu\u00e9s du march\u00e9 central de Tambacounda.<\/p>\n","protected":false},"excerpt":{"rendered":"<p>Tambacounda (lesoleil.sn)- Un incendie d\u2019une rare violence, qui s\u2019est d\u00e9clar\u00e9 au march\u00e9 central de Tambacounda, a r\u00e9duit plusieurs magasins en<\/p>\n","protected":false},"author":1,"featured_media":19339,"comment_status":"open","ping_status":"open","sticky":false,"template":"","format":"standard","meta":{"footnotes":""},"categories":[26],"tags":[],"class_list":["post-19338","post","type-post","status-publish","format-standard","has-post-thumbnail","hentry","category-fait-divers"],"_links":{"self":[{"href":"https:\/\/dekkbi.com\/index.php?rest_route=\/wp\/v2\/posts\/19338","targetHints":{"allow":["GET"]}}],"collection":[{"href":"https:\/\/dekkbi.com\/index.php?rest_route=\/wp\/v2\/posts"}],"about":[{"href":"https:\/\/dekkbi.com\/index.php?rest_route=\/wp\/v2\/types\/post"}],"author":[{"embeddable":true,"href":"https:\/\/dekkbi.com\/index.php?rest_route=\/wp\/v2\/users\/1"}],"replies":[{"embeddable":true,"href":"https:\/\/dekkbi.com\/index.php?rest_route=%2Fwp%2Fv2%2Fcomments&post=19338"}],"version-history":[{"count":1,"href":"https:\/\/dekkbi.com\/index.php?rest_route=\/wp\/v2\/posts\/19338\/revisions"}],"predecessor-version":[{"id":19340,"href":"https:\/\/dekkbi.com\/index.php?rest_route=\/wp\/v2\/posts\/19338\/revisions\/19340"}],"wp:featuredmedia":[{"embeddable":true,"href":"https:\/\/dekkbi.com\/index.php?rest_route=\/wp\/v2\/media\/19339"}],"wp:attachment":[{"href":"https:\/\/dekkbi.com\/index.php?rest_route=%2Fwp%2Fv2%2Fmedia&parent=19338"}],"wp:term":[{"taxonomy":"category","embeddable":true,"href":"https:\/\/dekkbi.com\/index.php?rest_route=%2Fwp%2Fv2%2Fcategories&post=19338"},{"taxonomy":"post_tag","embeddable":true,"href":"https:\/\/dekkbi.com\/index.php?rest_route=%2Fwp%2Fv2%2Ftags&post=19338"}],"curies":[{"name":"wp","href":"https:\/\/api.w.org\/{rel}","templated":true}]}}