{"id":19298,"date":"2023-08-19T17:07:19","date_gmt":"2023-08-19T17:07:19","guid":{"rendered":"https:\/\/dekkbi.com\/?p=19298"},"modified":"2023-08-19T17:07:19","modified_gmt":"2023-08-19T17:07:19","slug":"niger-la-delegation-de-la-cedeao-a-rencontre-le-president-renverse-mohamed-bazoum","status":"publish","type":"post","link":"https:\/\/dekkbi.com\/?p=19298","title":{"rendered":"Niger: la d\u00e9l\u00e9gation de la C\u00e9d\u00e9ao a rencontr\u00e9 le pr\u00e9sident renvers\u00e9 Mohamed Bazoum"},"content":{"rendered":"\n<p>Au lendemain de la r\u00e9union \u00e0 Accra des chefs d\u2019\u00e9tat-major des pays membres de la Communaut\u00e9 \u00e9conomique des \u00e9tats de l\u2019Afrique de l\u2019ouest (C\u00e9d\u00e9ao), une d\u00e9l\u00e9gation de l\u2019institution sous-r\u00e9gionale est arriv\u00e9e, ce samedi 19 ao\u00fbt, \u00e0 Niamey.<\/p>\n\n\n\n<p>Une d\u00e9l\u00e9gation de la C\u00e9d\u00e9ao, arriv\u00e9e \u00e0 Niamey ce samedi \u00e0 la mi-journ\u00e9e, a \u00e9t\u00e9 accueillie \u00e0 l&rsquo;a\u00e9roport par le Premier ministre nomm\u00e9 par la junte, Mahamane Lamine Zeine. Men\u00e9e par l&rsquo;ancien pr\u00e9sident du Nigeria, Abdulsalami Abubakar, les repr\u00e9sentants de l&rsquo;organisation ouest-africaine ont pu rencontrer le pr\u00e9sident Mohamed Bazoum, renvers\u00e9 le 26 juillet. .<\/p>\n\n\n\n<p>La d\u00e9l\u00e9gation comprenait notamment le pr\u00e9sident de la Commission de la C\u00e9d\u00e9ao. C\u2019est cette m\u00eame d\u00e9l\u00e9gation qui avait effectu\u00e9 \u00e0 Niamey un premier d\u00e9placement apr\u00e8s le coup d\u2019\u00c9tat. Elle avait \u00e9t\u00e9 mal re\u00e7ue et n\u2019avait d\u2019ailleurs pas quitt\u00e9 l\u2019a\u00e9roport. D\u2019apr\u00e8s nos informations, le pr\u00e9sident togolais, Faure Gnassingb\u00e9, a jou\u00e9 un r\u00f4le discret pour que Niamey ouvre, cette fois-ci, grandement ses portes aux envoy\u00e9s de la Communaut\u00e9 \u00e9conomique des \u00c9tats de l\u2019Afrique de l\u2019Ouest, rapporte notre correspondant r\u00e9gional<\/p>\n\n\n\n<p>Serge Daniel.<\/p>\n\n\n\n<p>RFI <\/p>\n","protected":false},"excerpt":{"rendered":"<p>Au lendemain de la r\u00e9union \u00e0 Accra des chefs d\u2019\u00e9tat-major des pays membres de la Communaut\u00e9 \u00e9conomique des \u00e9tats de<\/p>\n","protected":false},"author":1,"featured_media":17554,"comment_status":"open","ping_status":"open","sticky":false,"template":"","format":"standard","meta":{"footnotes":""},"categories":[51],"tags":[],"class_list":["post-19298","post","type-post","status-publish","format-standard","has-post-thumbnail","hentry","category-general"],"_links":{"self":[{"href":"https:\/\/dekkbi.com\/index.php?rest_route=\/wp\/v2\/posts\/19298","targetHints":{"allow":["GET"]}}],"collection":[{"href":"https:\/\/dekkbi.com\/index.php?rest_route=\/wp\/v2\/posts"}],"about":[{"href":"https:\/\/dekkbi.com\/index.php?rest_route=\/wp\/v2\/types\/post"}],"author":[{"embeddable":true,"href":"https:\/\/dekkbi.com\/index.php?rest_route=\/wp\/v2\/users\/1"}],"replies":[{"embeddable":true,"href":"https:\/\/dekkbi.com\/index.php?rest_route=%2Fwp%2Fv2%2Fcomments&post=19298"}],"version-history":[{"count":1,"href":"https:\/\/dekkbi.com\/index.php?rest_route=\/wp\/v2\/posts\/19298\/revisions"}],"predecessor-version":[{"id":19299,"href":"https:\/\/dekkbi.com\/index.php?rest_route=\/wp\/v2\/posts\/19298\/revisions\/19299"}],"wp:featuredmedia":[{"embeddable":true,"href":"https:\/\/dekkbi.com\/index.php?rest_route=\/wp\/v2\/media\/17554"}],"wp:attachment":[{"href":"https:\/\/dekkbi.com\/index.php?rest_route=%2Fwp%2Fv2%2Fmedia&parent=19298"}],"wp:term":[{"taxonomy":"category","embeddable":true,"href":"https:\/\/dekkbi.com\/index.php?rest_route=%2Fwp%2Fv2%2Fcategories&post=19298"},{"taxonomy":"post_tag","embeddable":true,"href":"https:\/\/dekkbi.com\/index.php?rest_route=%2Fwp%2Fv2%2Ftags&post=19298"}],"curies":[{"name":"wp","href":"https:\/\/api.w.org\/{rel}","templated":true}]}}