{"id":19296,"date":"2023-08-19T13:27:56","date_gmt":"2023-08-19T13:27:56","guid":{"rendered":"https:\/\/dekkbi.com\/?p=19296"},"modified":"2023-08-19T13:27:56","modified_gmt":"2023-08-19T13:27:56","slug":"cheikh-oumar-anne-sur-le-choix-du-candidat-de-bby-a-la-presidentielle-le-departement-de-podor-est-a-lecoute-du-president-macky-sall","status":"publish","type":"post","link":"https:\/\/dekkbi.com\/?p=19296","title":{"rendered":"Cheikh Oumar Anne sur le choix du candidat de Bby \u00e0 la Pr\u00e9sidentielle: \u00abLe d\u00e9partement de Podor est \u00e0 l\u2019\u00e9coute du pr\u00e9sident Macky Sall\u00bb"},"content":{"rendered":"\n<p>Le ministre de l\u2019Education nationale et ses partisans ont r\u00e9it\u00e9r\u00e9 leur soutien et leur engagement aux c\u00f4t\u00e9s du chef de l\u2019Etat qui doit d\u00e9signer le candidat de la coalition Benno Bokk Yakaar \u00e0 l\u2019\u00e9lection pr\u00e9sidentielle du 25 f\u00e9vrier 2024. C\u2019\u00e9tait ce jeudi 17 ao\u00fbt 2023 \u00e0 Dakar, lors d\u2019une rencontre d\u2019\u00e9changes entre Cheikh Oumar Anne et ses soutiens politiques, notamment les responsables de la Nouvelle Dynamique de l\u2019Alliance pour la R\u00e9publique que ce dernier dirige.<\/p>\n\n\n\n<p>S\u2019exprimant dans une salle archicomble, le maire de la ville de Ndioum a tenu des propos tr\u00e8s clairs sans \u00e9quivoque.\u2018\u2019Mes militants et soutiens politiques sommes \u00e0 l\u2019\u00e9coute du Pr\u00e9sident Macky Sall. Nous sommes constants dans notre position. Je suis satisfait de voir la forte mobilisation autour de ma personne. Aujourd\u2019hui, dans une \u00e9crasante majorit\u00e9, le d\u00e9partement de Podor est \u00e0 l\u2019\u00e9coute du Pr\u00e9sident pour le choix du candidat de Benno. Les principaux responsables politiques de la mouvance pr\u00e9sidentielle dans le d\u00e9partement de Podor, les maires et autres responsables, \u00e9pousent cette position\u2019\u2019, a d\u00e9clar\u00e9 Cheikh Oumar Anne, dans une folle ambiance.<\/p>\n\n\n\n<p>LESOLEIL<\/p>\n","protected":false},"excerpt":{"rendered":"<p>Le ministre de l\u2019Education nationale et ses partisans ont r\u00e9it\u00e9r\u00e9 leur soutien et leur engagement aux c\u00f4t\u00e9s du chef de<\/p>\n","protected":false},"author":1,"featured_media":3056,"comment_status":"open","ping_status":"open","sticky":false,"template":"","format":"standard","meta":{"footnotes":""},"categories":[6],"tags":[],"class_list":["post-19296","post","type-post","status-publish","format-standard","has-post-thumbnail","hentry","category-politics"],"_links":{"self":[{"href":"https:\/\/dekkbi.com\/index.php?rest_route=\/wp\/v2\/posts\/19296","targetHints":{"allow":["GET"]}}],"collection":[{"href":"https:\/\/dekkbi.com\/index.php?rest_route=\/wp\/v2\/posts"}],"about":[{"href":"https:\/\/dekkbi.com\/index.php?rest_route=\/wp\/v2\/types\/post"}],"author":[{"embeddable":true,"href":"https:\/\/dekkbi.com\/index.php?rest_route=\/wp\/v2\/users\/1"}],"replies":[{"embeddable":true,"href":"https:\/\/dekkbi.com\/index.php?rest_route=%2Fwp%2Fv2%2Fcomments&post=19296"}],"version-history":[{"count":1,"href":"https:\/\/dekkbi.com\/index.php?rest_route=\/wp\/v2\/posts\/19296\/revisions"}],"predecessor-version":[{"id":19297,"href":"https:\/\/dekkbi.com\/index.php?rest_route=\/wp\/v2\/posts\/19296\/revisions\/19297"}],"wp:featuredmedia":[{"embeddable":true,"href":"https:\/\/dekkbi.com\/index.php?rest_route=\/wp\/v2\/media\/3056"}],"wp:attachment":[{"href":"https:\/\/dekkbi.com\/index.php?rest_route=%2Fwp%2Fv2%2Fmedia&parent=19296"}],"wp:term":[{"taxonomy":"category","embeddable":true,"href":"https:\/\/dekkbi.com\/index.php?rest_route=%2Fwp%2Fv2%2Fcategories&post=19296"},{"taxonomy":"post_tag","embeddable":true,"href":"https:\/\/dekkbi.com\/index.php?rest_route=%2Fwp%2Fv2%2Ftags&post=19296"}],"curies":[{"name":"wp","href":"https:\/\/api.w.org\/{rel}","templated":true}]}}