{"id":1925,"date":"2022-10-19T13:50:53","date_gmt":"2022-10-19T13:50:53","guid":{"rendered":"https:\/\/dekkbi.com\/?p=1925"},"modified":"2022-10-19T13:54:50","modified_gmt":"2022-10-19T13:54:50","slug":"presidentielle-2024-macky-et-la-politique-de-lusure","status":"publish","type":"post","link":"https:\/\/dekkbi.com\/?p=1925","title":{"rendered":"Pr\u00e9sidentielle 2024 : Macky et la politique de l\u2019usure"},"content":{"rendered":"\n<p><strong>Calcul politique ou ruse&nbsp;? Quoi qu\u2019il en soit, le flou entretenu autour d\u2019une \u00e9ventuelle troisi\u00e8me candidature en 2024 pourrait \u00eatre favorable au Pr\u00e9sident de la R\u00e9publique Macky Sall en tant que candidat de son parti ou de la coalition Benno Bokk Yaakar. Pour cause, plus on s\u2019approche de l\u2019\u00e9ch\u00e9ance, plus l\u2019\u00e9tau de resserre autour des \u00e9ventuels candidats suppos\u00e9s ou r\u00e9els dans son camp. Une v\u00e9ritable strat\u00e9gie de l\u2019usure savamment orchestr\u00e9e par le Chef de l\u2019Etat pour tenir \u00e0 carreaux ses \u00aballi\u00e9s\u00bb qui ne pourront que constater les d\u00e9g\u00e2ts et contraints \u00e0 se plier \u00e0 l\u2019accompagner dans sa volont\u00e9 de briguer un troisi\u00e8me mandat. A leurs risques te p\u00e9rils. &nbsp;<\/strong><\/p>\n\n\n\n<p><strong>&nbsp;<\/strong>Qui dans l\u2019Alliance pour la R\u00e9publique (APR) briguera-t-il les suffrages des s\u00e9n\u00e9galais en 2024&nbsp;? Le Pr\u00e9sident de la R\u00e9publique Macky Sall lui-m\u00eame ou son dauphin&nbsp;? Myst\u00e8re et boule de gomme. Toutefois, le parti de la majorit\u00e9 est \u00e0 pied d\u2019\u0153uvre pour la pr\u00e9sidentielle. A bient\u00f4t quinze mois de l\u2019\u00e9ch\u00e9ance et sans candidat officiellement d\u00e9clar\u00e9, l\u2019APR se tient pr\u00eat \u00e0 mobiliser les militants. Le weekend dernier, dans un communiqu\u00e9 rendu public, elle a annonc\u00e9 son objectif de vendre 1.500.000 cartes de membres sur toute l\u2019\u00e9tendue du territoire et de la diaspora. Ce, \u00e0 travers un montage de nouveaux comit\u00e9s. Bien que le candidat de l\u2019APR tarde \u00e0 \u00eatre connu, faudrait-il rappeler que dans l\u2019expos\u00e9 des motifs de la loi constitutionnelle n\u00b02016-10 du 5 avril 2016 portant r\u00e9vision de la Constitution, il est \u00e9crit dans l\u2019article 27&nbsp;: \u00abla dur\u00e9e&nbsp; du mandat du Pr\u00e9sident de la R\u00e9publique est de cinq ans. Nul ne peut faire plus de deux mandats cons\u00e9cutifs&nbsp;\u00bb. Ce verrouillage de la Constitution pour mettre le S\u00e9n\u00e9gal \u00e0 l\u2019abri des troisi\u00e8mes mandats, Macky Sall l\u2019a toujours cri\u00e9 haut et fort.<\/p>\n\n\n\n<p><\/p>\n\n\n\n<p>\u00abLe S\u00e9n\u00e9gal est&nbsp; une d\u00e9mocratie qui fonctionne. En 2016, j\u2019ai propos\u00e9 au peuple s\u00e9n\u00e9galais une r\u00e9vision constitutionnelle qui doit r\u00e9gler d\u00e9finitivement la question de mandants. Aucun pr\u00e9sident ne peut rester au pouvoir pour plus de deux mandats. C\u2019est \u00e9crit noir sur blanc. Nul ne peut faire plus de deux mandats cons\u00e9cutifs&nbsp;\u00bb, avait dit Macky Sall. Non sans le rappeler dans son ouvrage intitul\u00e9 \u00ab&nbsp;Le S\u00e9n\u00e9gal au c\u0153ur&nbsp;\u00bb qu\u2019il pr\u00e9sentait en 2018, un an avant sa r\u00e9\u00e9lection. Toujours sur cette question de limitation des mandats, la r\u00e9ponse en \u00e9tait de m\u00eame avec Pr Ismaila Madior Fall, un des principaux r\u00e9dacteurs de la Constitution. Cependant, les r\u00e9ponses de l\u2019actuel Garde des Sceaux ministre de la Justice ne cessent de varier depuis qu\u2019il a fait son entr\u00e9e dans le gouvernement. Va-t-il encore br\u00fbler la robe&nbsp;? Pour l\u2019heure, il s\u2019est enferm\u00e9 dans une ambigu\u00eft\u00e9 proche d&rsquo;une volteface \u00e0 plus de 360\u00b0.<\/p>\n\n\n\n<p><\/p>\n\n\n\n<p>\u00abVous savez, la parole de Ismaila Madior Fall, c\u2019est de la doctrine. La doctrine est une opinion \u00e0 travers laquelle un professeur \u00e9met son opinion. La doctrine n\u2019est pas une source du droit (sic). Donc, moi je ne suis pas habilit\u00e9 \u00e0 dire, \u00e0 d\u00e9cr\u00e9ter, \u00e0 d\u00e9cider avec l\u2019autorit\u00e9 de la chose jug\u00e9e, si le Pr\u00e9sident peut faire un troisi\u00e8me mandat ou non. J\u2019ai donn\u00e9 une opinion doctrinale dans un contexte donn\u00e9. Maintenant, il y a un nouveau contexte, il faut laisser le Pr\u00e9sident se prononcer sur la question\u00bb, a d\u00e9clar\u00e9 le Pr en Droit constitutionnel dans l\u2019\u00e9mission \u00abJury du dimanche\u00bb sur I-Radio le 9 octobre dernier. Les deux anciens premiers ministres Aminata Tour\u00e9 et Mahammed Boun Abdallah Dione avaient \u00e9galement d\u00e9fendu la limitation du mandat et c\u2019est sur cette base qu\u2019on avait convaincu les S\u00e9n\u00e9galais \u00e0 adopter cette Constitution. La d\u00e9put\u00e9e Mimi Tour\u00e9, elle, maintient toujours sa position.<\/p>\n\n\n\n<p><strong>L\u2019article de la discorde<\/strong><\/p>\n\n\n\n<p>Malgr\u00e9 ces d\u00e9clarations, l\u2019article 27 s\u00e8merait encore la confusion. D\u2019aucuns pensent qu\u2019il offre la possibilit\u00e9 d\u2019un deuxi\u00e8me mandat quinquennal ind\u00e9pendamment du septennat consomm\u00e9 m\u00eame si Macky Sall avait jur\u00e9 que la Constitution a tout bloqu\u00e9. Sauf qu\u2019aujourd\u2019hui, tout concorde qu\u2019il envisage de faire un troisi\u00e8me mandat \u00e0 travers les actes pos\u00e9s. D\u2019ailleurs, il n\u2019a pas \u00e9t\u00e9 tendre avec tous ceux qui soutenaient qu\u2019il ne peut pas briquer un troisi\u00e8me mandat. Moustapha Diakhat\u00e9, l\u2019ex-pr\u00e9sident du groupe parlementaire de Benno Bokk Yaakaar Moustapha Diakhat\u00e9 et Sory Kaba alors directeur des s\u00e9n\u00e9galais de l\u2019ext\u00e9rieur ont \u00e9t\u00e9 vir\u00e9s pour avoir d\u00e9fendu cette th\u00e8se contre le 3<sup>\u00e8me<\/sup>&nbsp;mandat. Ironie du sort, ceux qui d\u00e9fendent l\u2019id\u00e9e contraire, sont promus et de fil en aiguille, les discours de ses proches changent comme pour promouvoir un troisi\u00e8me mandat. A ces actes qui permettent de soup\u00e7onner que Macky Sall veut briguer un troisi\u00e8me mandat, s\u2019ajoute le d\u00e9lit d\u2019ambitions au sein de son parti. En effet, au lendemain de sa r\u00e9\u00e9lection en 2019, tous ceux qui \u00e9taient suspect\u00e9s d\u2019avoir des ambitions pr\u00e9sidentielles, ont \u00e9t\u00e9 limog\u00e9s du gouvernement. On peut citer les ex ministres Amadou Ba, Aly Ngouille Ndiaye, Mouhamadou Makhtar Ciss\u00e9 etc. Allant plus loin, Macky Sall avait m\u00eame supprim\u00e9 le poste de Premier ministre sous le fallacieux pr\u00e9texte d\u2019une gouvernance&nbsp; en mode fast-track malgr\u00e9 toutes les pol\u00e9miques. Mais \u00e0 l\u2019\u00e9preuve du temps, ce fast-track va se transformer en stand by.<\/p>\n\n\n\n<p>Certains observateurs finissent par en d\u00e9duire qu\u2019il ne s\u2019agissait l\u00e0, ni&nbsp; plus, ni moins que d\u2019un brouillage des pistes pour une \u00e9ventuelle candidature. Pour preuve, il va remettre en selle le poste quelques mois plus tard en choisissant Amadou Ba. Toutefois, c\u2019est le Chef de l\u2019Etat lui-m\u00eame qui contr\u00f4le presque tout l\u2019appareil gouvernemental. En atteste, la rencontre avec le patronat qu\u2019il a dirig\u00e9 lors d\u2019un conseil pr\u00e9sidentiel.<\/p>\n\n\n\n<p><strong>Gagner du temps en maintenant le suspense<\/strong><\/p>\n\n\n\n<p>Le temps file mais l\u2019effet recherch\u00e9 reste le m\u00eame. Macky Sall&nbsp; continue de laisser planer le doute sur sa candidature. L\u2019APR n\u2019a toujours pas annonc\u00e9 son candidat et les partis alli\u00e9s comme le Parti socialiste (PS) et l\u2019Alliance des Forces du Progr\u00e8s (AFP) de Moustapha Niasse observent impuissamment la sc\u00e8ne plus que surr\u00e9aliste. L\u2019ancien pr\u00e9sident de l\u2019Assembl\u00e9e nationale &nbsp;qui avait fait ses adieux \u00e0 l\u2019Assembl\u00e9e nationale reste toujours proche du Pr\u00e9sident de la R\u00e9publique qui vient de le nommer Haut conseiller sp\u00e9cial du Chef de l\u2019Etat, un poste qui n\u2019existait pas, dans la nomenclature administrative s\u00e9n\u00e9galaise, \u00e0 l\u2019instar de celui l\u2019Envoy\u00e9 sp\u00e9cial du Pr\u00e9sident de la R\u00e9publique qu\u2019il avait cr\u00e9\u00e9 pour \u00abcalmer\u00bb Aminata Tour\u00e9. En effet, les partis alli\u00e9s de la majorit\u00e9 sont phagocyt\u00e9s. Pour preuve, le PS ne dispose aujourd\u2019hui que de six d\u00e9put\u00e9s, contre plus d\u2019une vingtaine pr\u00e9c\u00e9demment. Pendant ce temps, Macky Sall d\u00e9roule son agenda. La strat\u00e9gie de l\u2019usure en bandouli\u00e8re, il donne le tournis \u00e0 ses proches qui ne savent plus o\u00f9 se donner de la t\u00eate. Au finish, les partis alli\u00e9s qui n\u2019auront plus le temps n\u00e9cessaire pour pr\u00e9parer leur candidat et aller \u00e0 la rencontre des populations pour les convaincre alors que des candidats de l\u2019opposition sont d\u00e9j\u00e0 sur le terrain, vont finir \u00e0 accepter le fait accompli.<\/p>\n\n\n\n<p>Pour ne pas perdre le pouvoir, ils vont \u00eatre contraints de \u00abparrainer\u00bb la tr\u00e8s risqu\u00e9e candidature de Macky Sall et tenter leur chance pour que la coalition ne puisse pas \u00e9clater.<\/p>\n\n\n\n<p><strong>L\u2019\u00e9quation Sonko&nbsp;!<\/strong><\/p>\n\n\n\n<p>Alors que Khalifa Sall et Karim Wade sont pour le moment \u00e9cart\u00e9s de la pr\u00e9sidentielle de 2024 apr\u00e8s avoir \u00e9t\u00e9 condamn\u00e9s pour malversations financi\u00e8res, aujourd\u2019hui le leader du parti Pastef Ousmane Sonko reste la seule menace s\u00e9rieuse du parti au pouvoir. C\u2019est pourquoi d\u2019aucuns pensent que le projet de loi d\u2019amnistie pour Khalifa Sall et Karim Wade annonc\u00e9 par le Pr\u00e9sident de la R\u00e9publique Macky Sall pour leur r\u00e9tablir dans leurs droits civiques, &nbsp;est faite pour diviser l\u2019opposition. Pour cause, le vote d\u2019une telle loi rendra possibles leurs candidatures en 2024. Ce qui va entrainer une reconfiguration politique s\u2019ils d\u00e9cident de se pr\u00e9senter bien vrai que le processus du vote de la loi prendra le temps qu\u2019il faut. Du coup, cet \u00e9largissement du champ politique ne serait pas sans cons\u00e9quences pour l\u2019opposition. Arriv\u00e9 troisi\u00e8me lors de la pr\u00e9sidentielle de 2019 avec 15% des voix, le maire de Ziguinchor ne cesse de gagner du terrain. Au S\u00e9n\u00e9gal et dans la diaspora.<\/p>\n\n\n\n<p>Son parti s\u2019est illustr\u00e9 lors des derni\u00e8res \u00e9lections locales et l\u00e9gislatives en remportant plusieurs mairies et en obtenant plusieurs d\u00e9put\u00e9s avec la coalition Yewwi. Toutefois, il a une \u00e9p\u00e9e de Damocl\u00e8s au-dessus de sa t\u00eate. Accus\u00e9 de \u00abviols r\u00e9p\u00e9titifs\u00bb par une jeune masseuse, il risque gros face \u00e0 la justice accus\u00e9e \u00e0 tort ou \u00e0 raison d\u2019\u00eatre \u00e0 la solde du r\u00e9gime en place.<\/p>\n\n\n\n<p><\/p>\n\n\n\n<p>Une r\u00e9activation du dossier avec un proc\u00e8s pornographique pour salir son image et\/ou le condamner pourrait faire l\u2019affaire \u00e0 Macky Sall. Le cas \u00e9ch\u00e9ant, il serra le seul ma\u00eetre \u00e0 bord. A moins que d\u2019autres personnalit\u00e9s sortent du bois pour se dresser contre sa troisi\u00e8me candidature. Il y a d\u00e9j\u00e0 des signes avant-coureurs avec l\u2019annonce faite par l\u2019ancien ministre de la sant\u00e9 et de l\u2019action sociale, Abdoulaye Diouf Sarr. sans occulter les cas Aminata Tour\u00e9, Aminata Tall etc. C\u2019est dire que rien n\u2019est gagn\u00e9 d\u2019avance. 2024, la bataille sera \u00e9pique. Certains y laisseront des plumes.<\/p>\n\n\n\n<p><strong>Mariame DJIGO<\/strong> SUDQUITIDIEN<\/p>\n","protected":false},"excerpt":{"rendered":"<p>Calcul politique ou ruse&nbsp;? Quoi qu\u2019il en soit, le flou entretenu autour d\u2019une \u00e9ventuelle troisi\u00e8me candidature en 2024 pourrait \u00eatre<\/p>\n","protected":false},"author":1,"featured_media":1931,"comment_status":"open","ping_status":"open","sticky":false,"template":"","format":"standard","meta":{"footnotes":""},"categories":[6],"tags":[],"class_list":["post-1925","post","type-post","status-publish","format-standard","has-post-thumbnail","hentry","category-politics"],"_links":{"self":[{"href":"https:\/\/dekkbi.com\/index.php?rest_route=\/wp\/v2\/posts\/1925","targetHints":{"allow":["GET"]}}],"collection":[{"href":"https:\/\/dekkbi.com\/index.php?rest_route=\/wp\/v2\/posts"}],"about":[{"href":"https:\/\/dekkbi.com\/index.php?rest_route=\/wp\/v2\/types\/post"}],"author":[{"embeddable":true,"href":"https:\/\/dekkbi.com\/index.php?rest_route=\/wp\/v2\/users\/1"}],"replies":[{"embeddable":true,"href":"https:\/\/dekkbi.com\/index.php?rest_route=%2Fwp%2Fv2%2Fcomments&post=1925"}],"version-history":[{"count":2,"href":"https:\/\/dekkbi.com\/index.php?rest_route=\/wp\/v2\/posts\/1925\/revisions"}],"predecessor-version":[{"id":1932,"href":"https:\/\/dekkbi.com\/index.php?rest_route=\/wp\/v2\/posts\/1925\/revisions\/1932"}],"wp:featuredmedia":[{"embeddable":true,"href":"https:\/\/dekkbi.com\/index.php?rest_route=\/wp\/v2\/media\/1931"}],"wp:attachment":[{"href":"https:\/\/dekkbi.com\/index.php?rest_route=%2Fwp%2Fv2%2Fmedia&parent=1925"}],"wp:term":[{"taxonomy":"category","embeddable":true,"href":"https:\/\/dekkbi.com\/index.php?rest_route=%2Fwp%2Fv2%2Fcategories&post=1925"},{"taxonomy":"post_tag","embeddable":true,"href":"https:\/\/dekkbi.com\/index.php?rest_route=%2Fwp%2Fv2%2Ftags&post=1925"}],"curies":[{"name":"wp","href":"https:\/\/api.w.org\/{rel}","templated":true}]}}