{"id":19242,"date":"2023-08-18T10:58:03","date_gmt":"2023-08-18T10:58:03","guid":{"rendered":"https:\/\/dekkbi.com\/?p=19242"},"modified":"2023-08-18T11:20:56","modified_gmt":"2023-08-18T11:20:56","slug":"covid-19-loms-et-les-etats-unis-surveillent-lemergence-dun-nouveau-variant-du-virus","status":"publish","type":"post","link":"https:\/\/dekkbi.com\/?p=19242","title":{"rendered":"Covid-19: \u00e9mergence d&rsquo;un nouveau variant du virus"},"content":{"rendered":"\n<p>L&rsquo;Organisation mondiale de la sant\u00e9 (OMS) et les autorit\u00e9s sanitaires am\u00e9ricaines ont annonc\u00e9, vendredi 18 ao\u00fbt, surveiller de pr\u00e8s un nouveau variant du virus du Covid-19, m\u00eame si on ne conna\u00eet pas, \u00ab<em>&nbsp;pour l&rsquo;heure, l&rsquo;impact potentiel des nombreuses mutations de BA.2.86<\/em>&nbsp;\u00bb.<\/p>\n\n\n\n<p>L&rsquo;OMS a d\u00e9cid\u00e9 de classer le nouveau variant de BA.2.86 \u00ab&nbsp;<em>dans la cat\u00e9gorie des variants sous surveillance en raison du tr\u00e8s grand nombre (sup\u00e9rieur \u00e0 30) de mutations du g\u00e8ne Spike qu&rsquo;il porte&nbsp;<\/em>\u00bb, \u00e9crit l&rsquo;organisation dans son bulletin \u00e9pid\u00e9miologique consacr\u00e9 \u00e0 la pand\u00e9mie de Covid-19 et diffus\u00e9 dans la nuit de jeudi \u00e0 vendredi. C&rsquo;est la prot\u00e9ine Spike qui donne au virus son aspect h\u00e9riss\u00e9 et c&rsquo;est elle qui permet au SARS-CoV-2 de p\u00e9n\u00e9trer les cellules de l&rsquo;h\u00f4te.<\/p>\n\n\n\n<p>Pour l&rsquo;heure, ce nouveau variant a seulement \u00e9t\u00e9 d\u00e9tect\u00e9 en Isra\u00ebl, au Danemark et aux \u00c9tats-Unis. Dans ce dernier pays, les CDC (Centres pour le contr\u00f4le et la pr\u00e9vention des maladies) ont \u00e9galement indiqu\u00e9 surveiller de pr\u00e8s le variant, dans un message publi\u00e9 sur le r\u00e9seau social X (ex-Twitter). Actuellement, seules quatre s\u00e9quences connues de ce variant ont \u00e9t\u00e9 signal\u00e9es, sans lien \u00e9pid\u00e9miologique associ\u00e9 connu, explique l&rsquo;OMS.<\/p>\n\n\n\n<p>\u00ab<em>&nbsp;L&rsquo;impact potentiel des mutations BA.2.86 sont actuellement inconnues et font l&rsquo;objet d&rsquo;une \u00e9valuation minutieuse<\/em>&nbsp;\u00bb, pr\u00e9cise l&rsquo;organisation, qui souligne une nouvelle fois l&rsquo;importance de continuer \u00e0 surveiller, \u00e0 s\u00e9quencer et \u00e0 notifier les autorit\u00e9s comp\u00e9tentes pour avoir une vision exacte et d&rsquo;ensemble de la pand\u00e9mie de Covid-19. L&rsquo;<strong><a href=\"https:\/\/www.who.int\/fr\" target=\"_blank\" rel=\"noreferrer noopener\">OMS<\/a><\/strong>&nbsp;traque pour le moment trois variants d&rsquo;int\u00e9r\u00eat (XBB.1.5, XBB.1.16 et EG.5) et sept variants sont class\u00e9s sous surveillance (BA.2.75, BA.2.86, CH.1.1, XBB, XBB.1.9.1, XBB.1.9.2 et XBB.2.3).<\/p>\n\n\n\n<h2 class=\"wp-block-heading\">\u00ab&nbsp;<em>Le virus continue de circuler, de tuer<\/em>&nbsp;\u00bb<\/h2>\n\n\n\n<p>La plupart des \u00c9tats qui avaient mis en place des dispositifs de surveillance sp\u00e9cifiques de la pr\u00e9sence du virus du Covid-19 et de ses variants les ont en g\u00e9n\u00e9ral d\u00e9mantel\u00e9s, estimant que la menace \u00e9tait d\u00e9sormais moins s\u00e9v\u00e8re et ne justifiait plus ces d\u00e9penses. Cependant, l&rsquo;OMS n&rsquo;a de cesse de d\u00e9noncer ce \u00ab<em>&nbsp;d\u00e9sarmement&nbsp;<\/em>\u00bb et continue \u00ab<em>&nbsp;d&rsquo;appeler \u00e0 une meilleure surveillance, s\u00e9quen\u00e7age et notification de la maladie alors que ce virus continue de circuler et d&rsquo;\u00e9voluer<\/em>&nbsp;\u00bb.<\/p>\n\n\n\n<p>Si, depuis d\u00e9but mai, l&rsquo;OMS ne consid\u00e8re plus la pand\u00e9mie comme une urgence sanitaire mondiale, \u00ab&nbsp;<em>le virus continue de circuler dans tous les pays, continue de tuer et continue de changer<\/em>&nbsp;\u00bb, a encore soulign\u00e9 la semaine derni\u00e8re son directeur g\u00e9n\u00e9ral, Tedros Adhanom Ghebreyesus. Sur la derni\u00e8re p\u00e9riode (du 17 juillet au 13 ao\u00fbt 2023), plus de 1,4 million de nouveaux cas de Covid-19 et plus de 2&nbsp;300 d\u00e9c\u00e8s ont \u00e9t\u00e9 notifi\u00e9s, selon le bulletin \u00e9pid\u00e9miologique de l&rsquo;OMS. Cela repr\u00e9sente respectivement une augmentation de 63% et une diminution de 56%, par rapport \u00e0 la p\u00e9riode des 28 jours pr\u00e9c\u00e9dents.<\/p>\n\n\n\n<p>Au 13 ao\u00fbt 2023, plus de 769 millions de cas confirm\u00e9s de Covid-19 et plus de 6,9 millions de d\u00e9c\u00e8s ont \u00e9t\u00e9 signal\u00e9s dans le monde. Le bilan r\u00e9el des infections et des d\u00e9c\u00e8s est consid\u00e9r\u00e9 comme beaucoup plus lourd, nombre de cas ayant \u00e9chapp\u00e9 au recensement.<\/p>\n\n\n\n<p>(<em>Avec&nbsp;<\/em>AFP)<\/p>\n","protected":false},"excerpt":{"rendered":"<p>L&rsquo;Organisation mondiale de la sant\u00e9 (OMS) et les autorit\u00e9s sanitaires am\u00e9ricaines ont annonc\u00e9, vendredi 18 ao\u00fbt, surveiller de pr\u00e8s un<\/p>\n","protected":false},"author":1,"featured_media":16188,"comment_status":"open","ping_status":"open","sticky":false,"template":"","format":"standard","meta":{"footnotes":""},"categories":[51],"tags":[],"class_list":["post-19242","post","type-post","status-publish","format-standard","has-post-thumbnail","hentry","category-general"],"_links":{"self":[{"href":"https:\/\/dekkbi.com\/index.php?rest_route=\/wp\/v2\/posts\/19242","targetHints":{"allow":["GET"]}}],"collection":[{"href":"https:\/\/dekkbi.com\/index.php?rest_route=\/wp\/v2\/posts"}],"about":[{"href":"https:\/\/dekkbi.com\/index.php?rest_route=\/wp\/v2\/types\/post"}],"author":[{"embeddable":true,"href":"https:\/\/dekkbi.com\/index.php?rest_route=\/wp\/v2\/users\/1"}],"replies":[{"embeddable":true,"href":"https:\/\/dekkbi.com\/index.php?rest_route=%2Fwp%2Fv2%2Fcomments&post=19242"}],"version-history":[{"count":2,"href":"https:\/\/dekkbi.com\/index.php?rest_route=\/wp\/v2\/posts\/19242\/revisions"}],"predecessor-version":[{"id":19254,"href":"https:\/\/dekkbi.com\/index.php?rest_route=\/wp\/v2\/posts\/19242\/revisions\/19254"}],"wp:featuredmedia":[{"embeddable":true,"href":"https:\/\/dekkbi.com\/index.php?rest_route=\/wp\/v2\/media\/16188"}],"wp:attachment":[{"href":"https:\/\/dekkbi.com\/index.php?rest_route=%2Fwp%2Fv2%2Fmedia&parent=19242"}],"wp:term":[{"taxonomy":"category","embeddable":true,"href":"https:\/\/dekkbi.com\/index.php?rest_route=%2Fwp%2Fv2%2Fcategories&post=19242"},{"taxonomy":"post_tag","embeddable":true,"href":"https:\/\/dekkbi.com\/index.php?rest_route=%2Fwp%2Fv2%2Ftags&post=19242"}],"curies":[{"name":"wp","href":"https:\/\/api.w.org\/{rel}","templated":true}]}}