{"id":19234,"date":"2023-08-18T10:47:23","date_gmt":"2023-08-18T10:47:23","guid":{"rendered":"https:\/\/dekkbi.com\/?p=19234"},"modified":"2023-08-18T10:47:24","modified_gmt":"2023-08-18T10:47:24","slug":"haiti-la-fuite-des-habitants-du-quartier-de-carrefour-feuilles-face-a-lavancee-des-gangs-armes","status":"publish","type":"post","link":"https:\/\/dekkbi.com\/?p=19234","title":{"rendered":"Ha\u00efti: la fuite des habitants du quartier de Carrefour-Feuilles face \u00e0 l&rsquo;avanc\u00e9e des gangs arm\u00e9s"},"content":{"rendered":"\n<p>Le d\u00e9ferlement de la violence des gangs arm\u00e9s dans la capitale ha\u00eftienne continue de forcer des Ha\u00eftiens \u00e0 fuir leur maison. Au moins 5 000 r\u00e9sidents du quartier de Carrefour-Feuilles, en proie ces derni\u00e8res semaines aux assauts des bandits de Gran Ravine, ont d\u00fb abandonner leur domicile.\u00a0Les violences des bandes arm\u00e9es ont fait plus de 2 400 morts depuis le d\u00e9but de l&rsquo;ann\u00e9e, a indiqu\u00e9 l&rsquo;ONU vendredi.<\/p>\n\n\n\n<p>Pas de r\u00e9pit pour les Ha\u00eftiens ces derniers jours. La situation \u00e9tait tr\u00e8s tendue dans le nord de Port-au-Prince, o\u00f9 des cr\u00e9pitements d&rsquo;armes ont retenti durant toute la nuit de mercredi \u00e0 jeudi. Dans l&rsquo;apr\u00e8s-midi du jeudi 17 ao\u00fbt, des tirs ont \u00e9galement \u00e9t\u00e9 entendus dans le quartier de Solino, situ\u00e9 au c\u0153ur de la capitale ha\u00eftienne.&nbsp;<\/p>\n\n\n\n<p>Dans le quartier de Carrefour-Feuilles, de nombreuses personnes qui ont fui se sont r\u00e9fugi\u00e9s au gymnase Vincent qui se trouve au c\u0153ur de la capitale, rapporte notre correspondante \u00e0 Port-au-Prince,&nbsp;<strong>Marie-Andr\u00e9 B\u00e9lange<\/strong>. Parmi elles, beaucoup de femmes \u00e2g\u00e9es et des enfants. Si les autorit\u00e9s leur fournissent des plats chauds et un acc\u00e8s \u00e0 de l&rsquo;eau pour se laver, presque toutes dorment \u00e0 m\u00eame le sol. \u00ab&nbsp;<em>La situation est tr\u00e8s difficile,&nbsp;<\/em>t\u00e9moigne un jeune de Carrefour-Feuilles.<em>&nbsp;Les bandits m&rsquo;ont pouss\u00e9 \u00e0 partir de chez moi. Les activit\u00e9s sont totalement paralys\u00e9es. Je demande aux autorit\u00e9s de mettre ces malfrats hors d&rsquo;\u00e9tat de nuire et de s\u00e9curiser la zone. Les bandits ont incendi\u00e9 des maisons alors que la population vivait d\u00e9j\u00e0 difficilement.&nbsp;<\/em>\u00bb<\/p>\n\n\n\n<p>Un autre habitant explique qu&rsquo;il a entendu les membres des gangs entrer dans les maisons de ses voisins, avant de les violer et les tuer. \u00ab<em>&nbsp;Ensuite, ils ont pill\u00e9 les maisons. Et tout ce qu&rsquo;ils ne pouvaient pas prendre, ils l&rsquo;ont br\u00fbl\u00e9,&nbsp;<\/em>raconte-t-il.<em>&nbsp;Imaginez mon enfant de neuf ans qui a \u00e9t\u00e9 de t\u00e9moin de ces sc\u00e8nes ! Il sera traumatis\u00e9 pour le reste de sa vie. M\u00eame moi, je suis traumatis\u00e9. Je me pose la question de savoir si je ne devrais pas aller voir un psychologue, parce que je sens que je deviens fou.<\/em>&nbsp;\u00bb<\/p>\n\n\n\n<p>00:59<\/p>\n\n\n\n<p>06 HAITI _Son t\u00e9moignage habitant Carrefour-Feuille 5h-8h<\/p>\n\n\n\n<p>D&rsquo;autres habitants de Carrefour-Feuilles ont r\u00e9ussi \u00e0 mettre leurs familles \u00e0 l&rsquo;abri pour retourner eux-m\u00eames sur place et d\u00e9fendre leurs maisons. \u00ab&nbsp;<em>Nous n&rsquo;avons pas de moyens, mais on cr\u00e9e des strat\u00e9gies comme une brigade vigilance, munis de nos machettes et accompagn\u00e9s par quelques policiers qui habitent dans la zone. Ce n&rsquo;est pas suffisant parce que les policiers de la zone n&rsquo;ont pas de moyens. Jusqu&rsquo;\u00e0 pr\u00e9sent, il n&rsquo;y a pas eu de munitions, pas eu de moyens pour combattre les gangs, car ils ont de plus gros calibres.<\/em>&nbsp;\u00bb<\/p>\n\n\n\n<p>Allong\u00e9e sous une tente \u00e0 l&rsquo;entr\u00e9e du gymnase Vincent, une jeune femme est entour\u00e9e de ses quatre enfants en bas \u00e2ge. La tristesse se lit sur son visage. Des bandits arm\u00e9s ont fait irruption chez elle et ont tu\u00e9 sa s\u0153ur, qui refusait de laisser la maison. \u00ab&nbsp;<em>Je ne me sens pas bien, car je suis asthmatique, il fait chaud sous la tente. J&rsquo;ai laiss\u00e9 ma maison depuis dimanche. Ici, on nous donne \u00e0 manger, mais c&rsquo;est difficile. Je n&rsquo;ai pas encore pu me doucher et je n&rsquo;ai m\u00eame pas eu le temps de prendre des v\u00eatements.<\/em>&nbsp;\u00bb<\/p>\n\n\n\n<h2 class=\"wp-block-heading\">L&rsquo;assistance aux personnes d\u00e9plac\u00e9es&nbsp;<\/h2>\n\n\n\n<p>Jerry Chandler, directeur de la protection civile, explique que les personnes contraintes de quitter leur maison sont \u00e9parpill\u00e9s sur une dizaine de sites. \u00ab&nbsp;<em>On d\u00e9nombre beaucoup de femmes et d&rsquo;enfants qui sont victimes,<\/em>&nbsp;pr\u00e9cise-t-il<em>. Il y a des distributions de plats chauds, particuli\u00e8rement au gymnase Vincent. Nous continuons \u00e0 travailler avec nos partenaires afin d&rsquo;accompagner les sinistr\u00e9s. C&rsquo;est en ce sens qu&rsquo;on a commenc\u00e9 \u00e0 fournir une assistance alimentaire aux d\u00e9plac\u00e9s. Il y a un ensemble d&rsquo;actions en cours, notamment avec la direction nationale de l&rsquo;eau potable et de l&rsquo;assainissement. Elle se charge de la gestion de l&rsquo;eau.<\/em>&nbsp;\u00bb<\/p>\n\n\n\n<figure class=\"wp-block-image\"><img decoding=\"async\" src=\"https:\/\/s.rfi.fr\/media\/display\/47e08a32-3d9d-11ee-a4d4-005056a90284\/AP23228800738016.jpg\" alt=\"Face \u00e0 la violence des gangs arm\u00e9s, les habitants ont d\u00fb fuir leurs maisons et se r\u00e9fugient dans des gymnases ou des \u00e9coles.\"\/><figcaption class=\"wp-element-caption\">Face \u00e0 la violence des gangs arm\u00e9s, les habitants ont d\u00fb fuir leurs maisons et se r\u00e9fugient dans des gymnases ou des \u00e9coles.&nbsp;AP &#8211; Odelyn Joseph<\/figcaption><\/figure>\n\n\n\n<p>Selon Jerry Chandler, une discussion est en cours avec&nbsp;le minist\u00e8re de la Sant\u00e9 publique pour cibler les d\u00e9plac\u00e9s qui ont des probl\u00e8mes de sant\u00e9. \u00ab&nbsp;<em>Nous avons r\u00e9pertori\u00e9 des personnes hypertendues ou qui ont des maladies chroniques. Le minist\u00e8re doit organiser leur \u00e9vacuation vers des centres de sant\u00e9 avec le soutien du Centre ambulancier national afin qu&rsquo;elles puissent recevoir des soins&nbsp;<\/em>\u00bb, explique le directeur de la protection civile.<\/p>\n\n\n\n<h2 class=\"wp-block-heading\">Une r\u00e9ponse des autorit\u00e9s jug\u00e9e insuffisante&nbsp;<\/h2>\n\n\n\n<p>Beaucoup de citoyens accusent le gouvernement de ne pas envoyer les renforts n\u00e9cessaires. \u00ab\u00a0<em>C&rsquo;est comme si les autorit\u00e9s nous livraient \u00e0 la boucherie. Le soir, on ne peut pas dormir, les bandits attaquent les gens, les femmes \u00e2g\u00e9es, les femmes enceintes, les enfants. Ils reculent seulement quand leurs munitions commencent \u00e0 diminuer. C&rsquo;est le chaos\u00a0<\/em>\u00bb, explique un habitant.<\/p>\n\n\n\n<p>\u00ab<em>&nbsp;Le gouvernement a l&rsquo;obligation de prot\u00e9ger la population. Le gouvernement doit intervenir pour r\u00e9tablir l&rsquo;ordre et la s\u00e9curit\u00e9. Toutefois, il faut souligner que la police est sous-\u00e9quip\u00e9e et ne peut pas mener plusieurs op\u00e9rations simultan\u00e9es<\/em>&nbsp;\u00bb, observe&nbsp;Jean&nbsp;G\u00e9d\u00e9on, du Centre d&rsquo;analyse et de recherche en droits de l&rsquo;Homme (Cardh).<\/p>\n\n\n\n<p>Le Cardh r\u00e9it\u00e8re son appel au renforcement de la police nationale. Ses membres se disent pr\u00e9occup\u00e9s en tant que militants de droits humains, professionnels, mais aussi et surtout en tant qu&rsquo;Ha\u00eftiens du fait que Port-au-Prince soit presque assi\u00e9g\u00e9e par les gangs. Ils d\u00e9plorent que des mesures n&rsquo;aient pas \u00e9t\u00e9 adopt\u00e9es pour limiter les d\u00e9g\u00e2ts.&nbsp;\u00ab<em>&nbsp;Nous travaillons dans des conditions extr\u00eamement difficiles, donc nous plaidons pour qu&rsquo;enfin, la coop\u00e9ration internationale fasse quelque chose, afin que l&rsquo;ordre puisse se r\u00e9tablir dans la communaut\u00e9. C&rsquo;est vraiment le seul moyen de r\u00e9soudre des probl\u00e8mes quand la police n&rsquo;a pas les moyens appropri\u00e9s pour prot\u00e9ger la vie, pour prot\u00e9ger les biens<\/em>&nbsp;\u00bb, insiste Jean G\u00e9d\u00e9on.<\/p>\n\n\n\n<p>Selon un premier bilan provisoire, au moins 5 000 habitants ont fui Carrefour-Feuilles devant l&rsquo;avanc\u00e9e des gangs arm\u00e9s et&nbsp;\u00ab&nbsp;<em>entre le 1er janvier et le 15 ao\u00fbt de cette ann\u00e9e, au moins 2 439 personnes ont \u00e9t\u00e9 tu\u00e9es et 902 autres bless\u00e9es<\/em>&nbsp;\u00bb, a d\u00e9clar\u00e9 la porte-parole du Haut-Commissariat aux droits de l&rsquo;homme, Ravina Shamdasani, lors du briefing de l&rsquo;ONU \u00e0 Gen\u00e8ve.&nbsp;<\/p>\n\n\n\n<p>Vers l&rsquo;envoi d&rsquo;une force multinationale ?<\/p>\n\n\n\n<p>Depuis des mois, le Premier ministre Ariel Henry appelle \u00e0 l\u2019aide la communaut\u00e9 internationale. Mardi, le secr\u00e9taire g\u00e9n\u00e9ral de l\u2019ONU, Antonio Guterres, s\u2019est adress\u00e9 par \u00e9crit au Conseil de s\u00e9curit\u00e9 des Nations unies, il pr\u00f4ne l&rsquo;envoi d&rsquo;une force multinationale en Ha\u00efti. Quels en seraient les contours ? Quel sera son mandat ? Arthur Boutellis, conseiller \u00e0 l&rsquo;International peace institute, et sp\u00e9cialiste des Nations unies et des op\u00e9rations de maintien de la paix, estime qu&rsquo;il ne s&rsquo;agirait pas de Casques bleus, mais plut\u00f4t d&rsquo;une force multinationale&nbsp;qui serait quand m\u00eame autoris\u00e9e par le Conseil de s\u00e9curit\u00e9 des Nations unies, sous ce qu&rsquo;on appelle le chapitre 7, qui autorise l&rsquo;usage de la force.<\/p>\n\n\n\n<p>\u00ab&nbsp;<em>Donc, \u00e7a donne un cadre l\u00e9gal \u00e0 cette force et une l\u00e9gitimit\u00e9 internationale,&nbsp;<\/em>explique le conseiller \u00e0 l&rsquo;International peace institute<em>. Mais cela dit, elle ne serait pas sous Casque bleu comme l&rsquo;\u00e9taient les Casques bleus de la Minustah, la force des Nations unies qui \u00e9tait d\u00e9ploy\u00e9e en Ha\u00efti depuis 2004. Le cadre serait d\u00e9fini par le Conseil de s\u00e9curit\u00e9, c&rsquo;est-\u00e0-dire les membres du Conseil de s\u00e9curit\u00e9 \u00e0 travers une r\u00e9solution. \u00c7a serait \u00e0 eux de d\u00e9terminer les effectifs de cette force, mais surtout la dur\u00e9e, ce qui veut dire qu&rsquo;\u00e0 l&rsquo;\u00e9ch\u00e9ance de la r\u00e9solution, il y aurait une nouvelle session du Conseil de s\u00e9curit\u00e9 qui envisagerait de la prolongation de la force et qui aussi permettrait d&rsquo;avoir une certaine redevabilit\u00e9 de cette force au Conseil de s\u00e9curit\u00e9, qui l&rsquo;aura autoris\u00e9.<\/em>&nbsp;\u00bb<\/p>\n\n\n\n<p>Pourquoi l&rsquo;autorisation du Conseil est particuli\u00e8rement importante ? \u00ab&nbsp;<em>Parce qu&rsquo;il y a quand m\u00eame un d\u00e9fi de consensus national. C&rsquo;est d&rsquo;ailleurs ce qu&rsquo;a soulev\u00e9 Antonio Guterres dans son rapport: l&rsquo;importance d&rsquo;un dialogue politique inter-ha\u00eftien, dans le cadre duquel la force serait d\u00e9ploy\u00e9e \u00e9galement<\/em>&nbsp;\u00bb, conclut Arthur Boutellis.<\/p>\n\n\n\n<p><\/p>\n\n\n\n<p><a href=\"https:\/\/www.facebook.com\/dialog\/share?app_id=113191652055439&amp;href=https%3A%2F%2Frfi.my%2F9r5p.F&amp;redirect_uri=https%3A%2F%2Fwww.rfi.fr%2Ffr%2Fam%25C3%25A9riques%2F20230818-ha%25C3%25AFti-la-fuite-des-habitants-du-quartier-de-carrefour-feuilles-face-%25C3%25A0-l-avanc%25C3%25A9e-des-gangs-arm%25C3%25A9s&amp;locale=fr_FR\" target=\"_blank\" rel=\"noreferrer noopener\"><\/a><\/p>\n","protected":false},"excerpt":{"rendered":"<p>Le d\u00e9ferlement de la violence des gangs arm\u00e9s dans la capitale ha\u00eftienne continue de forcer des Ha\u00eftiens \u00e0 fuir leur<\/p>\n","protected":false},"author":1,"featured_media":19235,"comment_status":"open","ping_status":"open","sticky":false,"template":"","format":"standard","meta":{"footnotes":""},"categories":[51],"tags":[],"class_list":["post-19234","post","type-post","status-publish","format-standard","has-post-thumbnail","hentry","category-general"],"_links":{"self":[{"href":"https:\/\/dekkbi.com\/index.php?rest_route=\/wp\/v2\/posts\/19234","targetHints":{"allow":["GET"]}}],"collection":[{"href":"https:\/\/dekkbi.com\/index.php?rest_route=\/wp\/v2\/posts"}],"about":[{"href":"https:\/\/dekkbi.com\/index.php?rest_route=\/wp\/v2\/types\/post"}],"author":[{"embeddable":true,"href":"https:\/\/dekkbi.com\/index.php?rest_route=\/wp\/v2\/users\/1"}],"replies":[{"embeddable":true,"href":"https:\/\/dekkbi.com\/index.php?rest_route=%2Fwp%2Fv2%2Fcomments&post=19234"}],"version-history":[{"count":1,"href":"https:\/\/dekkbi.com\/index.php?rest_route=\/wp\/v2\/posts\/19234\/revisions"}],"predecessor-version":[{"id":19236,"href":"https:\/\/dekkbi.com\/index.php?rest_route=\/wp\/v2\/posts\/19234\/revisions\/19236"}],"wp:featuredmedia":[{"embeddable":true,"href":"https:\/\/dekkbi.com\/index.php?rest_route=\/wp\/v2\/media\/19235"}],"wp:attachment":[{"href":"https:\/\/dekkbi.com\/index.php?rest_route=%2Fwp%2Fv2%2Fmedia&parent=19234"}],"wp:term":[{"taxonomy":"category","embeddable":true,"href":"https:\/\/dekkbi.com\/index.php?rest_route=%2Fwp%2Fv2%2Fcategories&post=19234"},{"taxonomy":"post_tag","embeddable":true,"href":"https:\/\/dekkbi.com\/index.php?rest_route=%2Fwp%2Fv2%2Ftags&post=19234"}],"curies":[{"name":"wp","href":"https:\/\/api.w.org\/{rel}","templated":true}]}}