{"id":19214,"date":"2023-08-18T10:08:50","date_gmt":"2023-08-18T10:08:50","guid":{"rendered":"https:\/\/dekkbi.com\/?p=19214"},"modified":"2023-08-18T10:08:52","modified_gmt":"2023-08-18T10:08:52","slug":"polemique-sur-le-woyofal-la-crse-baisse-la-tension","status":"publish","type":"post","link":"https:\/\/dekkbi.com\/?p=19214","title":{"rendered":"Pol\u00e9mique sur le Woyofal : La Crse baisse la tension"},"content":{"rendered":"\n<p><strong>\u00abNous avons entendu les r\u00e9criminations autour du pr\u00e9paiement de la Senelec. Je dois vous dire que c\u2019est un syst\u00e8me transparent, qui a \u00e9t\u00e9 bien r\u00e9fl\u00e9chi et valid\u00e9 par la Commission de r\u00e9gulation\u00bb, temp\u00e8re Ibrahima Amadou Sarr. Le pr\u00e9sident de la Commission de r\u00e9gulation du secteur de l\u2019\u00e9nergie (Crse) a \u00e9t\u00e9 interpell\u00e9 hier sur la question, en marge d\u2019un atelier d\u2019\u00e9changes sur l\u2019harmonisation tarifaire int\u00e9grale.<\/strong><\/p>\n\n\n\n<p><strong>Par Dialigu\u00e9 FAYE \u2013\u00a0<\/strong>Le pr\u00e9sident de la Com\u00admission de r\u00e9gulation du secteur de l\u2019\u00e9nergie (Crse) temp\u00e8re par rapport \u00e0 la kyrielle de r\u00e9criminations not\u00e9es ces derni\u00e8res semaines contre les tarifs du pr\u00e9paiement commun\u00e9ment appel\u00e9 Woyofal de la Senelec.<\/p>\n\n\n\n<p> Interpell\u00e9 hier sur la question qui a fus\u00e9 sur les r\u00e9seaux sociaux, Ibrahima Amadou Sarr a indiqu\u00e9 qu\u2019il n\u2019y a pas p\u00e9ril en la demeure. \u00abNous avons entendu les r\u00e9criminations autour du pr\u00e9paiement de la Senelec. Je dois vous dire que c\u2019est un syst\u00e8me transparent, qui a \u00e9t\u00e9 bien r\u00e9fl\u00e9chi et valid\u00e9 par la Commission de r\u00e9gulation. Encore une fois, il n\u2019appartient pas \u00e0 la Senelec de fixer ses tarifs. <\/p>\n\n\n\n<p>La grille tarifaire de la Senelec est approuv\u00e9e par la Crse\u00bb, a d\u00e9clar\u00e9 le r\u00e9gulateur, en marge d\u2019un atelier d\u2019\u00e9changes sur l\u2019harmonisation tarifaire int\u00e9grale. Mais, souligne-t-il, \u00abdes fois, il y a des malentendus et un d\u00e9faut de communication qui font qu\u2019on rencontre des difficult\u00e9s de ce genre\u00bb.<\/p>\n\n\n\n<p><br>Dans un premier temps, rappelle M. Sarr, \u00able pr\u00e9paiement \u00e9tait d\u00e9di\u00e9 aux clients \u00e0 faible consommation, c\u2019est-\u00e0-dire de la premi\u00e8re tranche, \u00e0 savoir la consommation de 150 kwh. Mais aujourd\u2019hui, 65% de la client\u00e8le de la Senelec sont au pr\u00e9paiement. Donc, il y a des clients qui ne devaient pas \u00eatre au pr\u00e9paiement qui y sont, et qui consomment beaucoup d\u2019\u00e9nergie. Etant donn\u00e9 que les conditions de facturation doivent \u00eatre les m\u00eames, quand vous achetez par exemple 20\u00a0000 francs, vous sortez de la 1\u00e8re tranche, la moins ch\u00e8re, qui est de 91, 17 francs. Si vous achetez encore 20\u00a0000 francs, vous entrez dans la 2e tranche qui est de 136 francs. Si vous consommez encore 20\u00a0000 ou 25\u00a0000 dans le mois, vous \u00eates dans la 3e tranche qui est factur\u00e9e \u00e0 159 francs, tranche sur laquelle on applique une Tva de 18%. Dans ces conditions, vous ne pouvez pas avoir le m\u00eame tarif\u00a0; m\u00eame si vous payez le m\u00eame montant, vous ne pouvez pas avoir le m\u00eame kwh\u00bb.<\/p>\n\n\n\n<p><br>D\u2019apr\u00e8s le pr\u00e9sident de la Crse, \u00abla grille tarifaire de la Senelec relative au pr\u00e9paiement a \u00e9t\u00e9 approuv\u00e9e par la Crse sur la base de l\u2019\u00e9galit\u00e9 de traitement des citoyens par rapport au service. Pour le m\u00eame service, on doit payer le m\u00eame prix\u00bb.<\/p>\n\n\n\n<p><br><strong>dialigue@lequotidien.sn<\/strong><\/p>\n","protected":false},"excerpt":{"rendered":"<p>\u00abNous avons entendu les r\u00e9criminations autour du pr\u00e9paiement de la Senelec. Je dois vous dire que c\u2019est un syst\u00e8me transparent,<\/p>\n","protected":false},"author":1,"featured_media":19215,"comment_status":"open","ping_status":"open","sticky":false,"template":"","format":"standard","meta":{"footnotes":""},"categories":[3],"tags":[],"class_list":["post-19214","post","type-post","status-publish","format-standard","has-post-thumbnail","hentry","category-event-more-news"],"_links":{"self":[{"href":"https:\/\/dekkbi.com\/index.php?rest_route=\/wp\/v2\/posts\/19214","targetHints":{"allow":["GET"]}}],"collection":[{"href":"https:\/\/dekkbi.com\/index.php?rest_route=\/wp\/v2\/posts"}],"about":[{"href":"https:\/\/dekkbi.com\/index.php?rest_route=\/wp\/v2\/types\/post"}],"author":[{"embeddable":true,"href":"https:\/\/dekkbi.com\/index.php?rest_route=\/wp\/v2\/users\/1"}],"replies":[{"embeddable":true,"href":"https:\/\/dekkbi.com\/index.php?rest_route=%2Fwp%2Fv2%2Fcomments&post=19214"}],"version-history":[{"count":1,"href":"https:\/\/dekkbi.com\/index.php?rest_route=\/wp\/v2\/posts\/19214\/revisions"}],"predecessor-version":[{"id":19216,"href":"https:\/\/dekkbi.com\/index.php?rest_route=\/wp\/v2\/posts\/19214\/revisions\/19216"}],"wp:featuredmedia":[{"embeddable":true,"href":"https:\/\/dekkbi.com\/index.php?rest_route=\/wp\/v2\/media\/19215"}],"wp:attachment":[{"href":"https:\/\/dekkbi.com\/index.php?rest_route=%2Fwp%2Fv2%2Fmedia&parent=19214"}],"wp:term":[{"taxonomy":"category","embeddable":true,"href":"https:\/\/dekkbi.com\/index.php?rest_route=%2Fwp%2Fv2%2Fcategories&post=19214"},{"taxonomy":"post_tag","embeddable":true,"href":"https:\/\/dekkbi.com\/index.php?rest_route=%2Fwp%2Fv2%2Ftags&post=19214"}],"curies":[{"name":"wp","href":"https:\/\/api.w.org\/{rel}","templated":true}]}}