{"id":19211,"date":"2023-08-18T10:04:01","date_gmt":"2023-08-18T10:04:01","guid":{"rendered":"https:\/\/dekkbi.com\/?p=19211"},"modified":"2023-08-18T10:04:02","modified_gmt":"2023-08-18T10:04:02","slug":"le-directeur-de-la-cinematographie-salue-la-memoire-de-mentor-ba-decede-jeudi-a-dakar","status":"publish","type":"post","link":"https:\/\/dekkbi.com\/?p=19211","title":{"rendered":"Le directeur de la cin\u00e9matographie salue la m\u00e9moire de Mentor Ba, d\u00e9c\u00e9d\u00e9 jeudi, \u00e0 Dakar"},"content":{"rendered":"\n<p>(APS) \u2013 Le directeur de la cin\u00e9matographie, Germain Coly, a salu\u00e9 la m\u00e9moire de l\u2019acteur s\u00e9n\u00e9galais Mentor Ba, d\u00e9c\u00e9d\u00e9 jeudi, \u00e0 Dakar, en soulignant que le d\u00e9funt avait \u2018\u2019marqu\u00e9 le monde du cin\u00e9ma s\u00e9n\u00e9galais et international\u2019\u2019.<\/p>\n\n\n\n<p>\u2018\u2019C\u2019est avec une immense tristesse que nous avons appris le d\u00e9c\u00e8s de monsieur Mentor Ba. Acteur hors pair, monsieur Ba a marqu\u00e9 le monde du cin\u00e9ma s\u00e9n\u00e9galais et international\u2019\u2019, a-t-il \u00e9crit dans un post publi\u00e9 sur sa page Facebook.<\/p>\n\n\n\n<p>Selon Germain Coly, les performances de l\u2019acteur de la s\u00e9rie \u2018\u2019Golden\u2019\u2019 et de plusieurs films, dont \u2018\u2019Saloum\u2019\u2019 de Jean-Luc Huberlot et \u2018\u2019Xal\u00e9, les blessures de l\u2019enfance\u2019\u2019 de Moussa S\u00e8ne Absa, \u2018\u2019t\u00e9moignent \u00e0 suffisance de son talent inn\u00e9\u2019\u2019, au point d\u2019\u00eatre distingu\u00e9 \u2018\u2019Face of the Year made in S\u00e9n\u00e9gal\u2019\u2019 (Visage de l\u2019ann\u00e9e made in S\u00e9n\u00e9gal) en 2013.<\/p>\n\n\n\n<p>\u2018\u2019Sa riche contribution au d\u00e9veloppement du cin\u00e9ma africain aura marqu\u00e9 tous les amoureux du septi\u00e8me art\u2019\u2019, a ajout\u00e9 le directeur de la cin\u00e9matographie, avant de pr\u00e9senter les plus \u2018\u2019sinc\u00e8res condol\u00e9ances\u2019\u2019 du minist\u00e8re de la Culture et du Patrimoine historique \u00e0 la famille de Mentor Ba, \u2018\u2019\u00e0 ses proches et \u00e0 toute la communaut\u00e9 cin\u00e9matographique, en cette douloureuse circonstance\u2019\u2019.<\/p>\n","protected":false},"excerpt":{"rendered":"<p>(APS) \u2013 Le directeur de la cin\u00e9matographie, Germain Coly, a salu\u00e9 la m\u00e9moire de l\u2019acteur s\u00e9n\u00e9galais Mentor Ba, d\u00e9c\u00e9d\u00e9 jeudi,<\/p>\n","protected":false},"author":1,"featured_media":19212,"comment_status":"open","ping_status":"open","sticky":false,"template":"","format":"standard","meta":{"footnotes":""},"categories":[26],"tags":[],"class_list":["post-19211","post","type-post","status-publish","format-standard","has-post-thumbnail","hentry","category-fait-divers"],"_links":{"self":[{"href":"https:\/\/dekkbi.com\/index.php?rest_route=\/wp\/v2\/posts\/19211","targetHints":{"allow":["GET"]}}],"collection":[{"href":"https:\/\/dekkbi.com\/index.php?rest_route=\/wp\/v2\/posts"}],"about":[{"href":"https:\/\/dekkbi.com\/index.php?rest_route=\/wp\/v2\/types\/post"}],"author":[{"embeddable":true,"href":"https:\/\/dekkbi.com\/index.php?rest_route=\/wp\/v2\/users\/1"}],"replies":[{"embeddable":true,"href":"https:\/\/dekkbi.com\/index.php?rest_route=%2Fwp%2Fv2%2Fcomments&post=19211"}],"version-history":[{"count":1,"href":"https:\/\/dekkbi.com\/index.php?rest_route=\/wp\/v2\/posts\/19211\/revisions"}],"predecessor-version":[{"id":19213,"href":"https:\/\/dekkbi.com\/index.php?rest_route=\/wp\/v2\/posts\/19211\/revisions\/19213"}],"wp:featuredmedia":[{"embeddable":true,"href":"https:\/\/dekkbi.com\/index.php?rest_route=\/wp\/v2\/media\/19212"}],"wp:attachment":[{"href":"https:\/\/dekkbi.com\/index.php?rest_route=%2Fwp%2Fv2%2Fmedia&parent=19211"}],"wp:term":[{"taxonomy":"category","embeddable":true,"href":"https:\/\/dekkbi.com\/index.php?rest_route=%2Fwp%2Fv2%2Fcategories&post=19211"},{"taxonomy":"post_tag","embeddable":true,"href":"https:\/\/dekkbi.com\/index.php?rest_route=%2Fwp%2Fv2%2Ftags&post=19211"}],"curies":[{"name":"wp","href":"https:\/\/api.w.org\/{rel}","templated":true}]}}