{"id":19159,"date":"2023-08-17T10:56:58","date_gmt":"2023-08-17T10:56:58","guid":{"rendered":"https:\/\/dekkbi.com\/?p=19159"},"modified":"2023-08-17T10:58:29","modified_gmt":"2023-08-17T10:58:29","slug":"macron-reprend-la-parole-avant-une-rentree-politique-chargee","status":"publish","type":"post","link":"https:\/\/dekkbi.com\/?p=19159","title":{"rendered":"FRANCE: Le Pr\u00e9sident Emmanuel Macron reprend la parole avant une rentr\u00e9e politique charg\u00e9e"},"content":{"rendered":"\n<p>Emmanuel Macron sort ce jeudi de sa retraite estivale du Fort de Br\u00e9gan\u00e7on pour participer aux comm\u00e9morations du 79e anniversaire de la lib\u00e9ration de la ville de Bormes-les-Mimosas, une occasion protocolaire qu&rsquo;il lui est arriv\u00e9 de transformer en pr\u00e9-rentr\u00e9e politique.<\/p>\n\n\n\n<p>Ainsi l&rsquo;an dernier, six mois apr\u00e8s la tentative d&rsquo;invasion de l&rsquo;Ukraine par la Russie, il avait d\u00e9nonc\u00e9 \u00ab\u00a0l&rsquo;attaque brutale\u00a0\u00bb de Vladimir Poutine et demand\u00e9 aux Fran\u00e7ais \u00ab\u00a0d&rsquo;accepter de payer le prix de la libert\u00e9\u00a0\u00bb. A savoir les cons\u00e9quences \u00e9conomiques de la guerre, avec leur cohorte de hausses des prix de l&rsquo;\u00e9nergie et des mati\u00e8res premi\u00e8res qui ont aliment\u00e9 l&rsquo;inflation.<\/p>\n\n\n\n<p>Ces c\u00e9r\u00e9monies marquant la lib\u00e9ration de Bormes-les-Mimosas le 17 ao\u00fbt 1944 sont devenues un passage oblig\u00e9 des \u00e9t\u00e9s pr\u00e9sidentiels, pr\u00e9c\u00e9dant de quelques jours le conseil des ministres de reprise.<\/p>\n\n\n\n<p>L&rsquo;\u00c9lys\u00e9e insiste sur le caract\u00e8re \u00ab\u00a0studieux\u00a0\u00bb des vacances du chef de l&rsquo;\u00c9tat. Dans l&rsquo;\u00e9difice m\u00e9di\u00e9val dominant la m\u00e9diterran\u00e9e devenu vill\u00e9giature pr\u00e9sidentielle, il dispose de toutes les facilit\u00e9s pour travailler.<\/p>\n\n\n\n<p>Au cours de ces presque trois semaines de cong\u00e9s, il a multipli\u00e9 les contacts sur la crise au Niger, o\u00f9 un coup d&rsquo;\u00c9tat remet en question la pr\u00e9sence militaire fran\u00e7aise dans un pays devenu le pivot de la lutte antijihadiste au Sahel. Selon l&rsquo;\u00c9lys\u00e9e, il s&rsquo;est entretenu \u00e0 plusieurs reprises avec ses homologues africains et avec le pr\u00e9sident Mohamed Bazoum, renvers\u00e9 par des militaires le 26 juillet dernier.<\/p>\n\n\n\n<h2 class=\"wp-block-heading\">Initiative d&rsquo;ampleur<\/h2>\n\n\n\n<p>Emmanuel Macron s&rsquo;exprimera jeudi \u00e0 19H00 \u00e0 Bormes-les-Mimosas.<\/p>\n\n\n\n<p>\u00ab\u00a0Le Pr\u00e9sident de la R\u00e9publique soulignera combien les lib\u00e9rateurs de 1944 formaient une jeunesse fran\u00e7aise \u00e9prise de libert\u00e9 et de d\u00e9passement collectif, contre toute fatalit\u00e9\u00a0\u00bb, a indiqu\u00e9 l&rsquo;\u00c9lys\u00e9e.<\/p>\n\n\n\n<figure class=\"wp-block-image\"><img decoding=\"async\" src=\"https:\/\/information.tv5monde.com\/sites\/tv5-info\/files\/styles\/entete\/public\/2023-08\/field_media_image-2742494-5c1810b46aa95224de25f07b17de8bc56cee041f.jpg?itok=xjLlgdBk\" alt=\"Le pr\u00e9sident Emmanuel Macron (c) lors des c\u00e9r\u00e9monies du 78e anniversaire du d\u00e9barquement des Alli\u00e9s en Provence, le 19 ao\u00fbt 2022 \u00e0 Bormes-les-Mimosas, dans le Var\" title=\"Le pr\u00e9sident Emmanuel Macron (c) lors des c\u00e9r\u00e9monies du 78e anniversaire du d\u00e9barquement des Alli\u00e9s en Provence, le 19 ao\u00fbt 2022 \u00e0 Bormes-les-Mimosas, dans le Var\"\/><\/figure>\n\n\n\n<p>Le pr\u00e9sident Emmanuel Macron (c) lors des c\u00e9r\u00e9monies du 78e anniversaire du d\u00e9barquement des Alli\u00e9s en Provence, le 19 ao\u00fbt 2022 \u00e0 Bormes-les-Mimosas, dans le Var<\/p>\n\n\n\n<p>POOL\/AFP\/Archives<\/p>\n\n\n\n<p>ERIC GAILLARD<\/p>\n\n\n\n<p>La semaine suivante, le chef de l&rsquo;\u00c9tat sera de retour \u00e0 Paris et r\u00e9unira son gouvernement le 23 ao\u00fbt au Palais de l&rsquo;\u00c9lys\u00e9e.<\/p>\n\n\n\n<p>Sans solution miracle pour contourner son absence de majorit\u00e9 absolue \u00e0 l&rsquo;Assembl\u00e9e nationale, il a promis pour la fin du mois une \u00ab\u00a0une initiative politique d&rsquo;ampleur\u00a0\u00bb. Il entend \u00ab\u00a0essayer de r\u00e9unir autour d&rsquo;un projet clair et simple tous ceux qui veulent s&rsquo;y retrouver, sans leur demander d&rsquo;adh\u00e9rer \u00e0 tout\u00a0\u00bb et sans leur proposer d&rsquo;entrer dans une coalition, selon un entretien publi\u00e9 d\u00e9but ao\u00fbt par le Figaro Magazine.<\/p>\n\n\n\n<p>L&rsquo;\u00c9lys\u00e9e avait alors soulign\u00e9 aupr\u00e8s de l&rsquo;AFP que l&rsquo;initiative pr\u00e9sidentielle porterait sur des th\u00e8mes tels que l&rsquo;\u00e9cologie, les services publics, le travail, l&rsquo;ordre, le progr\u00e8s, l&rsquo;immigration.<\/p>\n\n\n\n<p>Le chef de l&rsquo;\u00c9tat proposera \u00ab\u00a0aux forces politiques de l&rsquo;arc r\u00e9publicain une s\u00e9rie de rencontres pour d\u00e9terminer des projets sur lesquels cheminer ensemble\u00a0\u00bb, avait ajout\u00e9 la pr\u00e9sidence.<\/p>\n\n\n\n<p>Emmanuel Macron avait alors indiqu\u00e9 que 2023\/2024 serait une ann\u00e9e importante pour la France, qui accueillera successivement la Coupe du monde de rugby, les Jeux Olympiques et les Jeux Paralympiques et sera donc au centre de l&rsquo;attention mondiale. Une invitation, entre les lignes, \u00e0 rechercher l&rsquo;unit\u00e9 plut\u00f4t que les divisions m\u00eame si l&rsquo;ann\u00e9e sera aussi \u00e9lectorale avec le scrutin europ\u00e9en pr\u00e9vu en juin.<\/p>\n\n\n\n<p>Pour autant, l&rsquo;\u00e9quation politique n&rsquo;a gu\u00e8re chang\u00e9 pour l&rsquo;h\u00f4te de l&rsquo;\u00c9lys\u00e9e. Il aborde cette nouvelle s\u00e9quence avec un gouvernement modestement remani\u00e9 au mois de juillet.<\/p>\n\n\n\n<figure class=\"wp-block-image\"><img decoding=\"async\" src=\"https:\/\/information.tv5monde.com\/sites\/tv5-info\/files\/styles\/entete\/public\/2023-08\/field_media_image-2742495-7dca092d233cc6deeee5193fea7e5012c4eefe5e.jpg?itok=woiO1VCG\" alt=\"La Premi\u00e8re ministre Elisabeth Borne \u00e0 la sortie de l'Elys\u00e9e, apr\u00e8s un Conseil des ministres, le 21 juillet 2023 \u00e0 Paris\" title=\"La Premi\u00e8re ministre Elisabeth Borne \u00e0 la sortie de l'Elys\u00e9e, apr\u00e8s un Conseil des ministres, le 21 juillet 2023 \u00e0 Paris\"\/><\/figure>\n\n\n\n<p>La Premi\u00e8re ministre Elisabeth Borne \u00e0 la sortie de l&rsquo;Elys\u00e9e, apr\u00e8s un Conseil des ministres, le 21 juillet 2023 \u00e0 Paris<\/p>\n\n\n\n<p>AFP\/Archives<\/p>\n\n\n\n<p>Bertrand GUAY<\/p>\n\n\n\n<p>A sa t\u00eate, \u00c9lisabeth Borne, menac\u00e9e depuis la douloureuse r\u00e9forme des retraites, a finalement \u00e9t\u00e9 maintenue.<\/p>\n\n\n\n<p>Emmanuel Macron n&rsquo;a pas exclu de recourir \u00e0 l&rsquo;article 49.3 de la Constitution pour, au besoin, faire adopter sans vote une grande loi sur l&rsquo;immigration. Le parti de droite Les R\u00e9publicains a d\u00e9j\u00e0 pr\u00e9venu qu&rsquo;il \u00e9tait oppos\u00e9 aux projets du gouvernement en la mati\u00e8re qu&rsquo;il juge insuffisamment restrictifs.<\/p>\n\n\n\n<p>L&rsquo;attitude de la droite sera cruciale \u00e0 partir de la mi-octobre lorsque commencera l&rsquo;examen du budget 2024. Certains n&rsquo;excluent pas qu&rsquo;elle puisse m\u00ealer ses voix \u00e0 celles des autres oppositions pour voter une censure du gouvernement. Un fort risque \u00ab\u00a0d&rsquo;accidentologie\u00a0\u00bb pour l&rsquo;ex\u00e9cutif, avait l\u00e2ch\u00e9 au d\u00e9but de l&rsquo;\u00e9t\u00e9 le pr\u00e9sident LR du S\u00e9nat G\u00e9rard Larcher.<\/p>\n","protected":false},"excerpt":{"rendered":"<p>Emmanuel Macron sort ce jeudi de sa retraite estivale du Fort de Br\u00e9gan\u00e7on pour participer aux comm\u00e9morations du 79e anniversaire<\/p>\n","protected":false},"author":1,"featured_media":10525,"comment_status":"open","ping_status":"open","sticky":false,"template":"","format":"standard","meta":{"footnotes":""},"categories":[51],"tags":[],"class_list":["post-19159","post","type-post","status-publish","format-standard","has-post-thumbnail","hentry","category-general"],"_links":{"self":[{"href":"https:\/\/dekkbi.com\/index.php?rest_route=\/wp\/v2\/posts\/19159","targetHints":{"allow":["GET"]}}],"collection":[{"href":"https:\/\/dekkbi.com\/index.php?rest_route=\/wp\/v2\/posts"}],"about":[{"href":"https:\/\/dekkbi.com\/index.php?rest_route=\/wp\/v2\/types\/post"}],"author":[{"embeddable":true,"href":"https:\/\/dekkbi.com\/index.php?rest_route=\/wp\/v2\/users\/1"}],"replies":[{"embeddable":true,"href":"https:\/\/dekkbi.com\/index.php?rest_route=%2Fwp%2Fv2%2Fcomments&post=19159"}],"version-history":[{"count":3,"href":"https:\/\/dekkbi.com\/index.php?rest_route=\/wp\/v2\/posts\/19159\/revisions"}],"predecessor-version":[{"id":19162,"href":"https:\/\/dekkbi.com\/index.php?rest_route=\/wp\/v2\/posts\/19159\/revisions\/19162"}],"wp:featuredmedia":[{"embeddable":true,"href":"https:\/\/dekkbi.com\/index.php?rest_route=\/wp\/v2\/media\/10525"}],"wp:attachment":[{"href":"https:\/\/dekkbi.com\/index.php?rest_route=%2Fwp%2Fv2%2Fmedia&parent=19159"}],"wp:term":[{"taxonomy":"category","embeddable":true,"href":"https:\/\/dekkbi.com\/index.php?rest_route=%2Fwp%2Fv2%2Fcategories&post=19159"},{"taxonomy":"post_tag","embeddable":true,"href":"https:\/\/dekkbi.com\/index.php?rest_route=%2Fwp%2Fv2%2Ftags&post=19159"}],"curies":[{"name":"wp","href":"https:\/\/api.w.org\/{rel}","templated":true}]}}