{"id":19146,"date":"2023-08-17T10:28:01","date_gmt":"2023-08-17T10:28:01","guid":{"rendered":"https:\/\/dekkbi.com\/?p=19146"},"modified":"2023-08-17T10:28:02","modified_gmt":"2023-08-17T10:28:02","slug":"emigration-irreguliere-par-voie-maritime-la-saignee-ne-sestompe-pas","status":"publish","type":"post","link":"https:\/\/dekkbi.com\/?p=19146","title":{"rendered":"\u00c9migration irr\u00e9guli\u00e8re par voie maritime : la saign\u00e9e ne s\u2019estompe pas"},"content":{"rendered":"\n<p><strong>Le sauvetage au Cap-Vert, de 38 migrants, avant-hier mardi, de la pirogue ayant pris d\u00e9part \u00e0 Fass Boye, le 10 juillet dernier, avec \u00e0 son bord 101 personnes, est un drame de plus enregistr\u00e9 chez les candidats \u00e0 l\u2019\u00e9migration irr\u00e9guli\u00e8re. Preuve que le ph\u00e9nom\u00e8ne de la migration irr\u00e9guli\u00e8re par voie maritime, avec son corolaire de morts, ne s\u2019arr\u00eate pas.<\/strong><\/p>\n\n\n\n<p>Apr\u00e8s plusieurs semaines de d\u00e9tresse en mer, la pirogue de Fass Boye a \u00e9t\u00e9 retrouv\u00e9e au Cap-Vert. La centaine d\u2019occupants au d\u00e9part n\u2019a laiss\u00e9 place qu\u2019\u00e0 des cadavres, au nombre de sept, 56 des port\u00e9s disparus et des rescap\u00e9s mal en point. Perdus dans l\u2019oc\u00e9an, les voyageurs infortun\u00e9s ont pass\u00e9 plus d\u2019un mois dans la mer. Selon le site&nbsp;<em>infomigrants<\/em>, l\u2019embarcation a \u00e9t\u00e9 rep\u00e9r\u00e9e lundi \u00e0 environ 150 milles nautiques (277 km) de l\u2019\u00eele de Sal, par un navire de p\u00eache espagnol qui a alert\u00e9 les autorit\u00e9s cap-verdiennes.<\/p>\n\n\n\n<p>Dans un communique, les autorit\u00e9s s\u00e9n\u00e9galaises confirment l\u2019information.&nbsp;<em>\u00abLe minist\u00e8re des Affaires \u00e9trang\u00e8res et des S\u00e9n\u00e9galais de l\u2019ext\u00e9rieur (MAESE) informe qu\u2019une pirogue transportant des migrants s\u00e9n\u00e9galais a \u00e9t\u00e9 secourue aux larges des c\u00f4tes Cabo Verdiennes, ce jour du 15 ao\u00fbt 2023. Selon les t\u00e9moignages des rescap\u00e9s qui sont au nombre de 38 (dont un Bissau-guin\u00e9en), actuellement pris en charge dans l\u2019\u00eele de Sal, cette embarcation a quitt\u00e9 la localit\u00e9 de Fas Boye, dans la r\u00e9gion de Thi\u00e8s, le 10 juillet dernier, avec 101 personnes \u00e0 son bord. Le MAESE, en relation avec les autorit\u00e9s Cabo Verdiennes comp\u00e9tentes, a pris les dispositions n\u00e9cessaires pour leur rapatriement dans les meilleurs d\u00e9lais\u00bb<\/em>, d\u00e9clare le MAESE.<\/p>\n\n\n\n<p>La pirogue semble avoir d\u00e9riv\u00e9 jusque dans cette zone, situ\u00e9e \u00e0 l\u2019\u00e9cart de la route des Canaries, \u00e0 environ 500 km de Dakar. Il faut g\u00e9n\u00e9ralement entre quatre (4) et sept (7) jours pour parcourir les quelques 1700 km qui s\u00e9parent les c\u00f4tes s\u00e9n\u00e9galaises des Canaries. Selon toujours&nbsp;<em>infomigrants<\/em>, la route migratoire des Canaries conna\u00eet ces derni\u00e8res semaines un regain d\u2019activit\u00e9s au d\u00e9part du S\u00e9n\u00e9gal et de la Gambie. En moins de trois mois, ce sont pr\u00e8s de 17 embarcations qui ont quitt\u00e9 les c\u00f4tes s\u00e9n\u00e9galaises, a pr\u00e9cis\u00e9 Ahmadou Bamba Fall, coordonnateur de l\u2019ONG s\u00e9n\u00e9galaise&nbsp;<em>\u00abVillage du migrant\u00bb<\/em>&nbsp;au quotidien espagnol&nbsp;<em>El Pais<\/em>.<\/p>\n\n\n\n<p>Pis, selon les derniers chiffres du minist\u00e8re espagnol de l\u2019Int\u00e9rieur, rapport\u00e9s par le site d\u2019information, 12.704 migrants sont arriv\u00e9s de fa\u00e7on irr\u00e9guli\u00e8re en Espagne, au premier semestre 2023, dont une majorit\u00e9 (7213) aux Canaries. Un chiffre n\u00e9anmoins en baisse de 11,35% par rapport \u00e0 la p\u00e9riode correspondante de 2022. Seulement, force est de relever que derri\u00e8re ces rescap\u00e9s qui ont r\u00e9ussi \u00e0 gagner les c\u00f4tes espagnoles, plusieurs centaines voire des milliers de candidats \u00e0 l\u2019aventure p\u00e9rilleux sont morts ou port\u00e9s disparus dans l\u2019oc\u00e9an atlantique ou la mer m\u00e9diterran\u00e9enne.<\/p>\n\n\n\n<p><strong>UNE SITUATION DE MAL EN PIS<\/strong><\/p>\n\n\n\n<p>Ce nouveau drame de l\u2019\u00e9migration irr\u00e9guli\u00e8re t\u00e9moigne que le voyage risqu\u00e9 vers l\u2019Europe n\u2019a pas encore fini de livrer tous ses secrets. D\u00e9j\u00e0, le samedi 12 ao\u00fbt, une pirogue partie de Fass Boye avait \u00e9t\u00e9 sauv\u00e9 \u00e0 Dakhla, avec \u00e0 son bord 130 candidats \u00e0 l\u2019\u00e9migration irr\u00e9guli\u00e8re. Alors que de nouvelles op\u00e9rations de rapatriement de migrants s\u00e9n\u00e9galais du Maroc ont permis de convoyer un nouveau groupe de 208 candidats ayant quitt\u00e9 Dakhla, samedi dernier, \u00e0 destination de Rosso (Saint-Louis). Pendant ce temps, neuf (09) d\u00e9pouilles de migrants s\u00e9n\u00e9galais, recens\u00e9es dans la morgue d\u2019une structure hospitali\u00e8re au Maroc, attendent d\u2019\u00eatre rapatri\u00e9s au S\u00e9n\u00e9gal, selon le Consulat g\u00e9n\u00e9ral du S\u00e9n\u00e9gal.<\/p>\n\n\n\n<p>D\u00e9but ao\u00fbt \u00e9galement, une embarcation partie de Fass Boye avait \u00e9t\u00e9 secourue \u00e0 Dakhla, au Maroc. Elle transportait 79 personnes. Des jours avant, le 24 juillet, le chavirement d\u2019une pirogue \u00e0 Ouakam avait caus\u00e9 au moins 16 morts dont un corps rep\u00each\u00e9 le lendemain du drame. De m\u00eame, au moins 14 personnes sont mortes \u00e0 la mi-juillet lorsqu\u2019une pirogue a chavir\u00e9 au large de Saint-Louis du S\u00e9n\u00e9gal, pr\u00e8s de la fronti\u00e8re avec la Mauritanie\u2026 La saign\u00e9e semble encore loin de s\u2019estomper.<\/p>\n\n\n\n<p>Et les nombreux projets et programmes d\u00e9velopp\u00e9s par l\u2019Etat et ses partenaires, notamment europ\u00e9ens, pour endiguer le mal et contenir les jeunes dans les terroirs ne d\u00e9couragent toujours pas les candidats. Malgr\u00e9 la mise en place de l\u2019Agence Nationale pour la Promotion de l\u2019Emploi des Jeunes, de l\u2019Agence nationale d\u2019insertion et de d\u00e9veloppement agricole (<em>ANIDA<\/em>) avec ses fermes familiales et \u00abNatangu\u00e9\u00bb, du&nbsp;Programme des domaines Agricoles Communautaire (<em>PRODAC)&nbsp;<\/em>et du Programme d\u2019urgence pour l\u2019insertion socio\u00e9conomique et l\u2019emploi des jeunes \u00ab<em>X\u00ebyu ndaw \u00f1i<\/em>\u00bb, une initiative du pr\u00e9sident Macky Sall en r\u00e9ponse aux besoins d\u2019emploi des jeunes,&nbsp; sans occulter les financements de la D\u00e9l\u00e9gation g\u00e9n\u00e9rale \u00e0 l\u2019Entreprenariat Rapide des Femmes et des Jeunes (<em>DER<\/em>\/<em>FJ<\/em>), l\u2019accompagnement du Fonds de Financement de la Formation professionnelle et technique<strong>&nbsp;(<\/strong>3FPT<strong>) et&nbsp;<\/strong>une&nbsp;<em>\u00abcaution\u00bb<\/em>&nbsp;du Fonds de Garantie des Investissements Prioritaires (<em>FONGIP<\/em>), les pirogues \u00e0 destination de l\u2019El Dorado europ\u00e9en ne d\u00e9semplissent toujours pas. En plus de l\u2019inefficacit\u00e9 de ces initiatives qui ont montr\u00e9 leur limite, du qu\u2019elles sont souvent plus destin\u00e9es \u00e0 une client\u00e8le politique, le manque de perspective d\u2019avenir et la conjoncture et la vie ch\u00e8re \u00e9galement motivent de nombreux d\u00e9parts. Et ce ne sont pas FONTEX et les Forces de d\u00e9fenses et de s\u00e9curit\u00e9 (FDS) qui y mettront fin, de sit\u00f4t.<\/p>\n\n\n\n<p><strong>Fatou NDIAYE<\/strong><\/p>\n\n\n\n<p>SUDQUOTIDIEN<\/p>\n","protected":false},"excerpt":{"rendered":"<p>Le sauvetage au Cap-Vert, de 38 migrants, avant-hier mardi, de la pirogue ayant pris d\u00e9part \u00e0 Fass Boye, le 10<\/p>\n","protected":false},"author":1,"featured_media":19087,"comment_status":"open","ping_status":"open","sticky":false,"template":"","format":"standard","meta":{"footnotes":""},"categories":[3],"tags":[],"class_list":["post-19146","post","type-post","status-publish","format-standard","has-post-thumbnail","hentry","category-event-more-news"],"_links":{"self":[{"href":"https:\/\/dekkbi.com\/index.php?rest_route=\/wp\/v2\/posts\/19146","targetHints":{"allow":["GET"]}}],"collection":[{"href":"https:\/\/dekkbi.com\/index.php?rest_route=\/wp\/v2\/posts"}],"about":[{"href":"https:\/\/dekkbi.com\/index.php?rest_route=\/wp\/v2\/types\/post"}],"author":[{"embeddable":true,"href":"https:\/\/dekkbi.com\/index.php?rest_route=\/wp\/v2\/users\/1"}],"replies":[{"embeddable":true,"href":"https:\/\/dekkbi.com\/index.php?rest_route=%2Fwp%2Fv2%2Fcomments&post=19146"}],"version-history":[{"count":1,"href":"https:\/\/dekkbi.com\/index.php?rest_route=\/wp\/v2\/posts\/19146\/revisions"}],"predecessor-version":[{"id":19147,"href":"https:\/\/dekkbi.com\/index.php?rest_route=\/wp\/v2\/posts\/19146\/revisions\/19147"}],"wp:featuredmedia":[{"embeddable":true,"href":"https:\/\/dekkbi.com\/index.php?rest_route=\/wp\/v2\/media\/19087"}],"wp:attachment":[{"href":"https:\/\/dekkbi.com\/index.php?rest_route=%2Fwp%2Fv2%2Fmedia&parent=19146"}],"wp:term":[{"taxonomy":"category","embeddable":true,"href":"https:\/\/dekkbi.com\/index.php?rest_route=%2Fwp%2Fv2%2Fcategories&post=19146"},{"taxonomy":"post_tag","embeddable":true,"href":"https:\/\/dekkbi.com\/index.php?rest_route=%2Fwp%2Fv2%2Ftags&post=19146"}],"curies":[{"name":"wp","href":"https:\/\/api.w.org\/{rel}","templated":true}]}}