{"id":19135,"date":"2023-08-17T10:14:34","date_gmt":"2023-08-17T10:14:34","guid":{"rendered":"https:\/\/dekkbi.com\/?p=19135"},"modified":"2023-08-17T10:14:36","modified_gmt":"2023-08-17T10:14:36","slug":"mbour-nouveau-conflit-foncier-les-populations-rejettent-le-projet-ville-neuve","status":"publish","type":"post","link":"https:\/\/dekkbi.com\/?p=19135","title":{"rendered":"Mbour \u2013 Nouveau conflit foncier : Les populations rejettent le projet \u00abVille neuve\u00bb"},"content":{"rendered":"\n<p><strong>A Mbour, il y a un conflit foncier en cours au niveau d\u2019un p\u00e9rim\u00e8tre mara\u00eecher qui serait convoit\u00e9 par un promoteur immobilier. Les travailleurs de la soci\u00e9t\u00e9 Qualit\u00e9 v\u00e9g\u00e9tale S\u00e9n\u00e9gal (Qvs), sp\u00e9cialis\u00e9e dans la culture d\u2019oignon, sont vent debout pour \u00absauvegarder\u00bb leur outil qui risque de perdre sa superficie cultivable, estim\u00e9e \u00e0 185 hectares, au profit d\u2019un projet d\u00e9nomm\u00e9 \u00abVille neuve\u00bb.<\/strong><\/p>\n\n\n\n<p><strong>Par Alioune Badara CISS \u2013\u00a0<\/strong>Alors que le march\u00e9 s\u00e9n\u00e9galais conna\u00eet une vive tension dans l\u2019approvisionnement en oignon, un p\u00e9rim\u00e8tre mara\u00eecher sp\u00e9cialis\u00e9 dans la culture de cette denr\u00e9e et situ\u00e9 entre Keur Mousseu et Kir\u00e8ne dont la production varie entre 10 et 15 mille tonnes par an, risque de mettre au ch\u00f4mage plus de 1000 employ\u00e9s. En plus de mettre la cl\u00e9 sous le paillasson, la soci\u00e9t\u00e9 Qualit\u00e9 v\u00e9g\u00e9tale S\u00e9n\u00e9gal (Qvs) risque de perdre sa superficie cultivable, estim\u00e9e \u00e0 185 hectares, au profit d\u2019un projet d\u00e9nomm\u00e9 \u00abVille neuve\u00bb.<\/p>\n\n\n\n<p><br>Pour prot\u00e9ger leur outil de travail, les employ\u00e9s ont fait face \u00e0 la presse pour alerter sur cette tentative de r\u00e9cup\u00e9ration au profit d\u2019un projet de construction \u00e0 usage d\u2019habitation. Mbaye Seck, habitant de Kir\u00e8ne et porte-parole des travailleurs, assure\u00a0: \u00abCette soci\u00e9t\u00e9 a cr\u00e9\u00e9 un p\u00e9rim\u00e8tre mara\u00eecher dont la sp\u00e9cialit\u00e9 est la culture de l\u2019oignon. Mais avant de s\u2019implanter ici, cette soci\u00e9t\u00e9 a obtenu tous les papiers administratifs qu\u2019il fallait, c\u2019est ainsi qu\u2019on lui a octroy\u00e9 185 hectares. Avant de commencer le travail, elle a eu l\u2019onction du minist\u00e8re de l\u2019Environnement, du Service des eaux et for\u00eats, avant de signer un protocole d\u2019accord qui lui donne le pouvoir d\u2019exploitation sur 25 ans, avec une possibilit\u00e9 de renouveler le protocole. Toute cette proc\u00e9dure dont je vous parle date de juin 2019.\u00bb<\/p>\n\n\n\n<p><br>Alors que cette soci\u00e9t\u00e9 a commenc\u00e9 \u00e0 exploiter le p\u00e9rim\u00e8tre mara\u00eecher il y a juste 5 ans, une soci\u00e9t\u00e9 immobili\u00e8re s\u2019est point\u00e9e pour r\u00e9clamer la propri\u00e9t\u00e9 de ces terres. Une situation qui a cr\u00e9\u00e9 la psychose chez les travailleurs. Selon eux, cette soci\u00e9t\u00e9 n\u2019a jamais re\u00e7u de papiers montrant que le projet \u00abVille neuve\u00bb est le propri\u00e9taire du site en question. \u00abCe qui nous \u00e9tonne et qui nous fait sortir de nos gonds, c\u2019est que le responsable de ce projet a brandi un d\u00e9cret de 2022\/697. Un papier qui nous inqui\u00e8te car notre soci\u00e9t\u00e9 a obtenu le papier qui lui permet d\u2019exploiter le site depuis 2019. C\u2019est pourquoi nous sommes sortis aujourd\u2019hui pour d\u00e9noncer cette man\u0153uvre. Nous interpellons le pr\u00e9sident de la R\u00e9publique pour que ce probl\u00e8me soit r\u00e9gl\u00e9 au plus vite. Nous n\u2019accepterons pas que ce lieu qui emploie de braves femmes soit r\u00e9cup\u00e9r\u00e9 et qu\u2019elles soient envoy\u00e9es au ch\u00f4mage \u00e0 cause de l\u2019int\u00e9r\u00eat d\u2019une seule personne. Qui va b\u00e9n\u00e9ficier de ces logements ? En tout cas, \u00e7a ne sera pas ces femmes-l\u00e0, qui n\u2019en ont pas les moyens\u00bb, se d\u00e9sole le porte-parole des travailleurs.<\/p>\n\n\n\n<p><br>En r\u00e9alit\u00e9, ces travailleurs ne comprennent pas comment ce probl\u00e8me de communalisation est intervenu, car \u00able d\u00e9cret que le promoteur a agit\u00e9 a \u00e9t\u00e9 valid\u00e9 dans le d\u00e9partement de Mbour en 2022, alors que le site sur lequel nous sommes se situe dans la commune de Keur Mousseu. Le protocole d\u2019accord que Qvs a sign\u00e9, il l\u2019a fait en juin 2019, et c\u2019est dans le d\u00e9partement de Thi\u00e8s. Imaginez un protocole qui a \u00e9t\u00e9 sign\u00e9 en 2019 dans la commune de Keur Mousseu et un nouveau promoteur qui vient avec un d\u00e9cret qui a \u00e9t\u00e9 sign\u00e9 dans le d\u00e9partement de Mbour. Ceci est injuste et nous n\u2019allons pas nous laisser faire\u00bb, avertissent les travailleurs de Qvs.<\/p>\n\n\n\n<p><br>Par ailleurs, les travailleurs rappellent que la r\u00e9colte la plus importante au sein de ce p\u00e9rim\u00e8tre reste l\u2019oignon, qui conna\u00eet une tension dans le march\u00e9. \u00abEt nous produisons entre 10 et 15 mille tonnes. Aujourd\u2019hui, si on parle de rupture dans la fourniture d\u2019oignon, c\u2019est parce qu\u2019on n\u2019a pas permis aux paysans \u00e0 travailler dans de meilleures conditions. Le gouvernement devrait accompagner tout ce qui tourne autour du secteur de l\u2019agriculture. Il ne devait pas y avoir de p\u00e9nurie ou de chert\u00e9 d\u2019oignon au moment o\u00f9 on pr\u00e9pare des \u00e9v\u00e9nements religieux comme le Magal et le Gamou. Nous lan\u00e7ons un appel solennel au pr\u00e9sident de la R\u00e9publique pour qu\u2019il nous vienne en appoint sur ce probl\u00e8me, justement pour accompagner son projet de Plan S\u00e9n\u00e9gal \u00e9mergent. Au moment o\u00f9 on parle de p\u00e9nurie dans le march\u00e9, des situations pareilles se produisent, c\u2019est d\u00e9solant. Au contraire, nous avons besoin de plus d\u2019espace pour assurer une bonne production en oignon pour le march\u00e9 local. Nous produisons et alimentons le march\u00e9 s\u00e9n\u00e9galais. Nous n\u2019accepterons pas qu\u2019on diminue notre espace, ils veulent prendre 90 hectares sur les 185 que nous avons. Donc, c\u2019est une fa\u00e7on de nous d\u00e9loger d\u2019ici, et c\u2019est inacceptable\u00bb, regrettent ces travailleurs.<\/p>\n\n\n\n<p><br><strong>abciss@lequotidien.sn<\/strong><\/p>\n","protected":false},"excerpt":{"rendered":"<p>A Mbour, il y a un conflit foncier en cours au niveau d\u2019un p\u00e9rim\u00e8tre mara\u00eecher qui serait convoit\u00e9 par un<\/p>\n","protected":false},"author":1,"featured_media":19136,"comment_status":"open","ping_status":"open","sticky":false,"template":"","format":"standard","meta":{"footnotes":""},"categories":[26],"tags":[],"class_list":["post-19135","post","type-post","status-publish","format-standard","has-post-thumbnail","hentry","category-fait-divers"],"_links":{"self":[{"href":"https:\/\/dekkbi.com\/index.php?rest_route=\/wp\/v2\/posts\/19135","targetHints":{"allow":["GET"]}}],"collection":[{"href":"https:\/\/dekkbi.com\/index.php?rest_route=\/wp\/v2\/posts"}],"about":[{"href":"https:\/\/dekkbi.com\/index.php?rest_route=\/wp\/v2\/types\/post"}],"author":[{"embeddable":true,"href":"https:\/\/dekkbi.com\/index.php?rest_route=\/wp\/v2\/users\/1"}],"replies":[{"embeddable":true,"href":"https:\/\/dekkbi.com\/index.php?rest_route=%2Fwp%2Fv2%2Fcomments&post=19135"}],"version-history":[{"count":1,"href":"https:\/\/dekkbi.com\/index.php?rest_route=\/wp\/v2\/posts\/19135\/revisions"}],"predecessor-version":[{"id":19137,"href":"https:\/\/dekkbi.com\/index.php?rest_route=\/wp\/v2\/posts\/19135\/revisions\/19137"}],"wp:featuredmedia":[{"embeddable":true,"href":"https:\/\/dekkbi.com\/index.php?rest_route=\/wp\/v2\/media\/19136"}],"wp:attachment":[{"href":"https:\/\/dekkbi.com\/index.php?rest_route=%2Fwp%2Fv2%2Fmedia&parent=19135"}],"wp:term":[{"taxonomy":"category","embeddable":true,"href":"https:\/\/dekkbi.com\/index.php?rest_route=%2Fwp%2Fv2%2Fcategories&post=19135"},{"taxonomy":"post_tag","embeddable":true,"href":"https:\/\/dekkbi.com\/index.php?rest_route=%2Fwp%2Fv2%2Ftags&post=19135"}],"curies":[{"name":"wp","href":"https:\/\/api.w.org\/{rel}","templated":true}]}}