{"id":19113,"date":"2023-08-17T09:39:32","date_gmt":"2023-08-17T09:39:32","guid":{"rendered":"https:\/\/dekkbi.com\/?p=19113"},"modified":"2023-08-17T09:39:33","modified_gmt":"2023-08-17T09:39:33","slug":"championnat-dafrique-de-karate-quatre-senegalais-en-lice-en-kata-et-kumite-jeudi","status":"publish","type":"post","link":"https:\/\/dekkbi.com\/?p=19113","title":{"rendered":"Championnat d\u2019Afrique de karat\u00e9\u00a0: quatre s\u00e9n\u00e9galais en lice en Kata et Kumit\u00e9, jeudi"},"content":{"rendered":"\n<p>Dakar, 17 ao\u00fbt (APS) \u2013 Les karat\u00e9kas s\u00e9n\u00e9galais Fama Samassa, Mouhamadou Moustapha Gaye, Ismaila Barry et Fallou Ndiaye d\u00e9marrent ce jeudi, le championnat d\u2019Afrique de Karat\u00e9 au Maroc, en kumit\u00e9 et kata.<\/p>\n\n\n\n<p>Mouhamadou Moustapha Gaye (-63 kg) affrontera le Camerounais Wilfred Habib Tayue Mgbam, en Kumit\u00e9 (combat conventionnel du karat\u00e9).<\/p>\n\n\n\n<p>Le deuxi\u00e8me combat de l\u2019\u00e9quipe du S\u00e9n\u00e9gal opposera Fama Samassa \u00e0 la Marocaine Lahwou Safia, chez les moins de 54 kg.<\/p>\n\n\n\n<p>Fallou Ndiaye (cadet) et Ismaila Barry (junior) se pr\u00e9senteront sur le tatami pour passer l\u2019\u00e9preuve Kata (encha\u00eenement de techniques de karat\u00e9)<\/p>\n\n\n\n<p>Environs 1 000 participants venant de 27 pays africains participent \u00e0 ce tournoi de&nbsp; Casablanca.<\/p>\n\n\n\n<p>Voici la liste des&nbsp; autres athl\u00e8tes s\u00e9n\u00e9galais s\u00e9lectionn\u00e9s<\/p>\n\n\n\n<p><strong>Kumite<\/strong><\/p>\n\n\n\n<p>Serigne Mback\u00e9 Seck (junior), +76kg<\/p>\n\n\n\n<p>Talla Razakh Ndiaye (s\u00e9nior), -60kg<\/p>\n\n\n\n<p>Cherif Konat\u00e9 (s\u00e9nior), -67kg<\/p>\n\n\n\n<p>Abdourakhmane Moundor S\u00e8ne (s\u00e9nior), -75kg<\/p>\n\n\n\n<p>Makhtar Diop (s\u00e9nior), -84kg<\/p>\n\n\n\n<p>Mouhamadou Falilou Diop (s\u00e9nior), +84kg<\/p>\n\n\n\n<p>Habib Ndoye (\u00e9quipe)<\/p>\n\n\n\n<p>Cheikh Ahmed Tidiane Konat\u00e9 &nbsp;(\u00e9quipe)<\/p>\n\n\n\n<p>Maimouna Niang (s\u00e9nior dame), -55kg<\/p>\n\n\n\n<p>Ndeye Yacine L\u00f4 (s\u00e9nior dame), -61kg<\/p>\n\n\n\n<p>Ndeye Codou Ciss\u00e9 (s\u00e9nior dame), +68kg<\/p>\n\n\n\n<p><strong>Kata<\/strong><\/p>\n\n\n\n<p>Omar Diop (s\u00e9nior homme)<\/p>\n\n\n\n<p>Aissatou Simal (s\u00e9nior dame)<\/p>\n\n\n\n<p>SK\/AKS<\/p>\n","protected":false},"excerpt":{"rendered":"<p>Dakar, 17 ao\u00fbt (APS) \u2013 Les karat\u00e9kas s\u00e9n\u00e9galais Fama Samassa, Mouhamadou Moustapha Gaye, Ismaila Barry et Fallou Ndiaye d\u00e9marrent ce<\/p>\n","protected":false},"author":1,"featured_media":19114,"comment_status":"open","ping_status":"open","sticky":false,"template":"","format":"standard","meta":{"footnotes":""},"categories":[9],"tags":[],"class_list":["post-19113","post","type-post","status-publish","format-standard","has-post-thumbnail","hentry","category-sports"],"_links":{"self":[{"href":"https:\/\/dekkbi.com\/index.php?rest_route=\/wp\/v2\/posts\/19113","targetHints":{"allow":["GET"]}}],"collection":[{"href":"https:\/\/dekkbi.com\/index.php?rest_route=\/wp\/v2\/posts"}],"about":[{"href":"https:\/\/dekkbi.com\/index.php?rest_route=\/wp\/v2\/types\/post"}],"author":[{"embeddable":true,"href":"https:\/\/dekkbi.com\/index.php?rest_route=\/wp\/v2\/users\/1"}],"replies":[{"embeddable":true,"href":"https:\/\/dekkbi.com\/index.php?rest_route=%2Fwp%2Fv2%2Fcomments&post=19113"}],"version-history":[{"count":1,"href":"https:\/\/dekkbi.com\/index.php?rest_route=\/wp\/v2\/posts\/19113\/revisions"}],"predecessor-version":[{"id":19115,"href":"https:\/\/dekkbi.com\/index.php?rest_route=\/wp\/v2\/posts\/19113\/revisions\/19115"}],"wp:featuredmedia":[{"embeddable":true,"href":"https:\/\/dekkbi.com\/index.php?rest_route=\/wp\/v2\/media\/19114"}],"wp:attachment":[{"href":"https:\/\/dekkbi.com\/index.php?rest_route=%2Fwp%2Fv2%2Fmedia&parent=19113"}],"wp:term":[{"taxonomy":"category","embeddable":true,"href":"https:\/\/dekkbi.com\/index.php?rest_route=%2Fwp%2Fv2%2Fcategories&post=19113"},{"taxonomy":"post_tag","embeddable":true,"href":"https:\/\/dekkbi.com\/index.php?rest_route=%2Fwp%2Fv2%2Ftags&post=19113"}],"curies":[{"name":"wp","href":"https:\/\/api.w.org\/{rel}","templated":true}]}}