{"id":19110,"date":"2023-08-17T09:32:59","date_gmt":"2023-08-17T09:32:59","guid":{"rendered":"https:\/\/dekkbi.com\/?p=19110"},"modified":"2023-08-17T09:33:01","modified_gmt":"2023-08-17T09:33:01","slug":"une-juriste-alerte-sur-les-consequences-nefastes-des-destructions-de-letat-civil","status":"publish","type":"post","link":"https:\/\/dekkbi.com\/?p=19110","title":{"rendered":"Une juriste alerte sur \u00bb les cons\u00e9quences n\u00e9fastes\u00bb des destructions de l\u2019\u00e9tat-civil"},"content":{"rendered":"\n<p>Koungheul (Kaffrine), 17 ao\u00fbt ( APS) \u2013 Les actes de destruction des centres d\u2019\u00e9tat-civil ont des &nbsp;\u00bbcons\u00e9quences n\u00e9fastes&nbsp;\u00bb, a mis en garde, mercredi, Ndeye Mery Ndiaye, juriste \u00e0 l\u2019Agence nationale de l\u2019\u00e9tat-civil.<\/p>\n\n\n\n<p>&nbsp;\u00bbIl est crucial de comprendre que tout acte de destruction, comme le fait de saccager un centre d\u2019\u00e9tat-civil, ne nuit pas seulement \u00e0 l\u2019autorit\u00e9 en place, mais \u00e9galement \u00e0 notre propre identit\u00e9. Les cons\u00e9quences n\u00e9fastes de ces actes retombent sur nous-m\u00eames \u00e0 l\u2019avenir, car l\u2019\u00e9tat-civil, c\u2019est notre identit\u00e9&nbsp;\u00bb, a-t-elle d\u00e9clar\u00e9.<\/p>\n\n\n\n<p>Ndeye Mery Ndiaye s\u2019exprimait au terme de l\u2019atelier de sensibilisation des acteurs du projet r\u00e9gional d\u2019appui au pastoralisme au Sahel (Praps) sur l\u2019importance&nbsp; de l\u2019\u00e9tat-civil dans le cadre de la semaine nationale consacr\u00e9e \u00e0 l\u2019enregistrement \u00e0 l\u2019\u00e9tat-civil.<\/p>\n\n\n\n<p>La rencontre \u00e9tait pr\u00e9sid\u00e9e par &nbsp;Amdy Moustapha Ba, le&nbsp; sous-pr\u00e9fet de Ida Mouride, en pr\u00e9sence de l\u2019adjointe au maire de Koungheul, Ndeye Binta Dram\u00e9, des diff\u00e9rents acteurs communautaires et les officiers d\u2019\u00e9tat-civil.<\/p>\n\n\n\n<p>&nbsp;\u00bbAujourd\u2019hui, notre objectif, est de sensibiliser les leaders d\u2019opinion et les organisations d\u2019\u00e9leveurs sur l\u2019importance cruciale de l\u2019\u00e9tat-civil&nbsp;\u00bb, a-t-elle signal\u00e9, ajoutant: &nbsp;\u00bbNous souhaitons qu\u2019ils deviennent des relais au sein de leurs communaut\u00e9s pastorales, qui sont souvent difficiles d\u2019acc\u00e8s&nbsp;\u00bb.<\/p>\n","protected":false},"excerpt":{"rendered":"<p>Koungheul (Kaffrine), 17 ao\u00fbt ( APS) \u2013 Les actes de destruction des centres d\u2019\u00e9tat-civil ont des &nbsp;\u00bbcons\u00e9quences n\u00e9fastes&nbsp;\u00bb, a mis<\/p>\n","protected":false},"author":1,"featured_media":19111,"comment_status":"open","ping_status":"open","sticky":false,"template":"","format":"standard","meta":{"footnotes":""},"categories":[21],"tags":[],"class_list":["post-19110","post","type-post","status-publish","format-standard","has-post-thumbnail","hentry","category-societe"],"_links":{"self":[{"href":"https:\/\/dekkbi.com\/index.php?rest_route=\/wp\/v2\/posts\/19110","targetHints":{"allow":["GET"]}}],"collection":[{"href":"https:\/\/dekkbi.com\/index.php?rest_route=\/wp\/v2\/posts"}],"about":[{"href":"https:\/\/dekkbi.com\/index.php?rest_route=\/wp\/v2\/types\/post"}],"author":[{"embeddable":true,"href":"https:\/\/dekkbi.com\/index.php?rest_route=\/wp\/v2\/users\/1"}],"replies":[{"embeddable":true,"href":"https:\/\/dekkbi.com\/index.php?rest_route=%2Fwp%2Fv2%2Fcomments&post=19110"}],"version-history":[{"count":1,"href":"https:\/\/dekkbi.com\/index.php?rest_route=\/wp\/v2\/posts\/19110\/revisions"}],"predecessor-version":[{"id":19112,"href":"https:\/\/dekkbi.com\/index.php?rest_route=\/wp\/v2\/posts\/19110\/revisions\/19112"}],"wp:featuredmedia":[{"embeddable":true,"href":"https:\/\/dekkbi.com\/index.php?rest_route=\/wp\/v2\/media\/19111"}],"wp:attachment":[{"href":"https:\/\/dekkbi.com\/index.php?rest_route=%2Fwp%2Fv2%2Fmedia&parent=19110"}],"wp:term":[{"taxonomy":"category","embeddable":true,"href":"https:\/\/dekkbi.com\/index.php?rest_route=%2Fwp%2Fv2%2Fcategories&post=19110"},{"taxonomy":"post_tag","embeddable":true,"href":"https:\/\/dekkbi.com\/index.php?rest_route=%2Fwp%2Fv2%2Ftags&post=19110"}],"curies":[{"name":"wp","href":"https:\/\/api.w.org\/{rel}","templated":true}]}}