{"id":19107,"date":"2023-08-17T09:23:46","date_gmt":"2023-08-17T09:23:46","guid":{"rendered":"https:\/\/dekkbi.com\/?p=19107"},"modified":"2023-08-17T09:23:47","modified_gmt":"2023-08-17T09:23:47","slug":"niger-le-plan-dune-eventuelle-intervention-militaire-en-discussion-a-accra","status":"publish","type":"post","link":"https:\/\/dekkbi.com\/?p=19107","title":{"rendered":"Niger: le plan d\u2019une \u00e9ventuelle intervention militaire en discussion \u00e0 Accra"},"content":{"rendered":"\n<p>Dakar, 17 ao\u00fbt (APS) \u2013 Les chefs d\u2019\u00e9tat-major des arm\u00e9es des pays de la Communaut\u00e9 \u00e9conomique des Etats de l\u2019Afrique de l\u2019ouest (CEDEAO) entament ce jeudi \u00e0 Accra, au Ghana, une r\u00e9union de deux jours consacr\u00e9e \u00e0 la finalisation du plan d\u2019une \u00e9ventuelle intervention militaire au Niger, a-t-on appris de source m\u00e9diatique.<\/p>\n\n\n\n<p>La r\u00e9union cens\u00e9e finaliser un plan d\u2019une intervention arm\u00e9e visant \u00e0 r\u00e9tablir l\u2019ordre constitutionnel au Niger est notamment pr\u00e9vue au si\u00e8ge du minist\u00e8re de la D\u00e9fense du Ghana. Elle avait \u00e9t\u00e9 initialement pr\u00e9vue le samedi 12 ao\u00fbt, indique le site de Radio France internationale.<\/p>\n\n\n\n<p>Le Commissaire aux affaires politique, \u00e0 la paix et \u00e0 la s\u00e9curit\u00e9 de l\u2019organisation communautaire, le Ghan\u00e9en, Abdel Fatau Moussa, va participer \u00e0 la rencontre. Il avait d\u00e9j\u00e0 pris part \u00e0 Abuja, au Nigeria, \u00e0 la r\u00e9union ayant dessin\u00e9 les contours de la force d\u2019attente dont la mission est de r\u00e9tablir le pr\u00e9sident Mohamed Bazoum.<\/p>\n\n\n\n<p>Ce dernier a \u00e9t\u00e9 renvers\u00e9 le 26 juillet par des militaires qui ont mis en place Conseil national de sauvegarde de la patrie (CNSP), dirig\u00e9 par le g\u00e9n\u00e9ral Abdourahmane Tchiani.<\/p>\n\n\n\n<p>Le chef de l\u2019Etat d\u00e9mocratiquement \u00e9lu est retenu depuis cette date par les putschistes, en m\u00eame temps que certains de ses proches et membres de son gouvernement.<\/p>\n\n\n\n<p>AKS\/OID<\/p>\n","protected":false},"excerpt":{"rendered":"<p>Dakar, 17 ao\u00fbt (APS) \u2013 Les chefs d\u2019\u00e9tat-major des arm\u00e9es des pays de la Communaut\u00e9 \u00e9conomique des Etats de l\u2019Afrique<\/p>\n","protected":false},"author":1,"featured_media":19108,"comment_status":"open","ping_status":"open","sticky":false,"template":"","format":"standard","meta":{"footnotes":""},"categories":[6],"tags":[],"class_list":["post-19107","post","type-post","status-publish","format-standard","has-post-thumbnail","hentry","category-politics"],"_links":{"self":[{"href":"https:\/\/dekkbi.com\/index.php?rest_route=\/wp\/v2\/posts\/19107","targetHints":{"allow":["GET"]}}],"collection":[{"href":"https:\/\/dekkbi.com\/index.php?rest_route=\/wp\/v2\/posts"}],"about":[{"href":"https:\/\/dekkbi.com\/index.php?rest_route=\/wp\/v2\/types\/post"}],"author":[{"embeddable":true,"href":"https:\/\/dekkbi.com\/index.php?rest_route=\/wp\/v2\/users\/1"}],"replies":[{"embeddable":true,"href":"https:\/\/dekkbi.com\/index.php?rest_route=%2Fwp%2Fv2%2Fcomments&post=19107"}],"version-history":[{"count":1,"href":"https:\/\/dekkbi.com\/index.php?rest_route=\/wp\/v2\/posts\/19107\/revisions"}],"predecessor-version":[{"id":19109,"href":"https:\/\/dekkbi.com\/index.php?rest_route=\/wp\/v2\/posts\/19107\/revisions\/19109"}],"wp:featuredmedia":[{"embeddable":true,"href":"https:\/\/dekkbi.com\/index.php?rest_route=\/wp\/v2\/media\/19108"}],"wp:attachment":[{"href":"https:\/\/dekkbi.com\/index.php?rest_route=%2Fwp%2Fv2%2Fmedia&parent=19107"}],"wp:term":[{"taxonomy":"category","embeddable":true,"href":"https:\/\/dekkbi.com\/index.php?rest_route=%2Fwp%2Fv2%2Fcategories&post=19107"},{"taxonomy":"post_tag","embeddable":true,"href":"https:\/\/dekkbi.com\/index.php?rest_route=%2Fwp%2Fv2%2Ftags&post=19107"}],"curies":[{"name":"wp","href":"https:\/\/api.w.org\/{rel}","templated":true}]}}