{"id":19045,"date":"2023-08-16T11:16:52","date_gmt":"2023-08-16T11:16:52","guid":{"rendered":"https:\/\/dekkbi.com\/?p=19045"},"modified":"2023-08-16T11:16:53","modified_gmt":"2023-08-16T11:16:53","slug":"seconde-guerre-mondiale-les-corps-de-pres-de-50-soldats-allemands-vont-etre-exhumes-en-correze","status":"publish","type":"post","link":"https:\/\/dekkbi.com\/?p=19045","title":{"rendered":"Seconde Guerre mondiale: les corps de pr\u00e8s de 50 soldats allemands vont \u00eatre exhum\u00e9s en Corr\u00e8ze"},"content":{"rendered":"\n<p>Dans le d\u00e9partement fran\u00e7ais de Corr\u00e8ze, des recherches ravivent le douloureux souvenir de la Seconde Guerre mondiale. \u00c0 la suite des r\u00e9v\u00e9lations d&rsquo;un ancien maquisard, les autorit\u00e9s fran\u00e7aises souhaitent exhumer les corps de soldats allemands ex\u00e9cut\u00e9s \u00e0 la Lib\u00e9ration afin de les remettre \u00e0 l&rsquo;Allemagne.<\/p>\n\n\n\n<p>L&rsquo;histoire commence en 2019. Un ancien r\u00e9sistant de 98 ans confie un secret dont il est devenu l&rsquo;unique d\u00e9tenteur. \u00c0 la Lib\u00e9ration, en 1944, son groupe de maquisards de Meymac, en Corr\u00e8ze, a tu\u00e9 46 soldats allemands et une femme accus\u00e9e de collaboration. Les corps ont \u00e9t\u00e9 enterr\u00e9s dans des fosses communes.<\/p>\n\n\n\n<p>Ces aveux ne sont pas rendus publics \u00e0 l&rsquo;\u00e9poque, mais ils d\u00e9clenchent des investigations. Et depuis juin dernier, une zone de trois kilom\u00e8tres carr\u00e9s, d\u00e9sign\u00e9e par l&rsquo;ancien r\u00e9sistant, fait l&rsquo;objet de recherches. Elles ont r\u00e9v\u00e9l\u00e9 une modification de la densit\u00e9 des sols et la pr\u00e9sence d&rsquo;objets m\u00e9talliques dans un petit p\u00e9rim\u00e8tre o\u00f9 sont enterr\u00e9s les corps.<\/p>\n\n\n\n<p>Ce mercredi, leur exhumation va commencer. Ils devraient ensuite \u00eatre transport\u00e9s \u00e0 Marseille pour y \u00eatre examin\u00e9s, avant d&rsquo;\u00eatre rendus \u00e0 l&rsquo;Allemagne afin d&rsquo;\u00eatre dignement enterr\u00e9s. Selon deux associations d&rsquo;anciens combattants, cet \u00e9v\u00e9nement \u00e9tait d\u00e9j\u00e0 connu. Il \u00e9tait en effet rapport\u00e9 dans quelques ouvrages d&rsquo;histoire locale.<\/p>\n\n\n\n<p>Des fouilles d&rsquo;une autre fosse commune toute proche, men\u00e9es par les services allemands en 1967, avaient d\u00e9j\u00e0 permis d&rsquo;exhumer onze corps, d\u00e9sormais enterr\u00e9s dans un cimeti\u00e8re militaire allemand situ\u00e9 en Charente-Maritime.<\/p>\n","protected":false},"excerpt":{"rendered":"<p>Dans le d\u00e9partement fran\u00e7ais de Corr\u00e8ze, des recherches ravivent le douloureux souvenir de la Seconde Guerre mondiale. \u00c0 la suite<\/p>\n","protected":false},"author":1,"featured_media":19046,"comment_status":"open","ping_status":"open","sticky":false,"template":"","format":"standard","meta":{"footnotes":""},"categories":[51],"tags":[],"class_list":["post-19045","post","type-post","status-publish","format-standard","has-post-thumbnail","hentry","category-general"],"_links":{"self":[{"href":"https:\/\/dekkbi.com\/index.php?rest_route=\/wp\/v2\/posts\/19045","targetHints":{"allow":["GET"]}}],"collection":[{"href":"https:\/\/dekkbi.com\/index.php?rest_route=\/wp\/v2\/posts"}],"about":[{"href":"https:\/\/dekkbi.com\/index.php?rest_route=\/wp\/v2\/types\/post"}],"author":[{"embeddable":true,"href":"https:\/\/dekkbi.com\/index.php?rest_route=\/wp\/v2\/users\/1"}],"replies":[{"embeddable":true,"href":"https:\/\/dekkbi.com\/index.php?rest_route=%2Fwp%2Fv2%2Fcomments&post=19045"}],"version-history":[{"count":1,"href":"https:\/\/dekkbi.com\/index.php?rest_route=\/wp\/v2\/posts\/19045\/revisions"}],"predecessor-version":[{"id":19047,"href":"https:\/\/dekkbi.com\/index.php?rest_route=\/wp\/v2\/posts\/19045\/revisions\/19047"}],"wp:featuredmedia":[{"embeddable":true,"href":"https:\/\/dekkbi.com\/index.php?rest_route=\/wp\/v2\/media\/19046"}],"wp:attachment":[{"href":"https:\/\/dekkbi.com\/index.php?rest_route=%2Fwp%2Fv2%2Fmedia&parent=19045"}],"wp:term":[{"taxonomy":"category","embeddable":true,"href":"https:\/\/dekkbi.com\/index.php?rest_route=%2Fwp%2Fv2%2Fcategories&post=19045"},{"taxonomy":"post_tag","embeddable":true,"href":"https:\/\/dekkbi.com\/index.php?rest_route=%2Fwp%2Fv2%2Ftags&post=19045"}],"curies":[{"name":"wp","href":"https:\/\/api.w.org\/{rel}","templated":true}]}}