{"id":19042,"date":"2023-08-16T11:13:03","date_gmt":"2023-08-16T11:13:03","guid":{"rendered":"https:\/\/dekkbi.com\/?p=19042"},"modified":"2023-08-16T11:13:04","modified_gmt":"2023-08-16T11:13:04","slug":"niger-discussions-difficiles-entre-membres-du-conseil-paix-et-securite-de-lua-sur-les-sanctions-de-la-cedeao","status":"publish","type":"post","link":"https:\/\/dekkbi.com\/?p=19042","title":{"rendered":"Niger: discussions \u00abdifficiles\u00bb entre membres du Conseil Paix et S\u00e9curit\u00e9 de l\u2019UA sur les sanctions de la C\u00e9d\u00e9ao"},"content":{"rendered":"\n<p>La communaut\u00e9 internationale a les yeux braqu\u00e9s sur le Niger, depuis le coup d\u2019\u00c9tat du 26 juillet. Un communiqu\u00e9 final sur la r\u00e9union du Conseil Paix et S\u00e9curit\u00e9 (CPS) de l&rsquo;Union Africaine, qui s\u2019est tenue \u00e0 Addis-Abeba le 14 ao\u00fbt 2023, est toujours attendu. La question des sanctions d\u00e9cid\u00e9es par la Communaut\u00e9 \u00e9conomique des \u00c9tats de l&rsquo;Afrique de l&rsquo;Ouest contre le Niger n&rsquo;a pas fait consensus au sein du CPS, comme des diplomates africains l&rsquo;ont expliqu\u00e9 \u00e0 RFI.<\/p>\n\n\n\n<p>Une r\u00e9union \u00ab\u00a0<em>difficile\u00a0<\/em>\u00bb, \u00ab\u00a0<em>tr\u00e8s franche<\/em>\u00a0\u00bb, et \u00ab\u00a0<em>tr\u00e8s longue<\/em>\u00a0\u00bb confie une source diplomatique africaine qui y voit le signe d&rsquo;une prise de conscience des \u00c9tats membres d&rsquo;une situation in\u00e9dite. \u00ab\u00a0<em>Il y a eu six coups d&rsquo;\u00c9tat en moins de trois ans<\/em>\u00a0\u00bb, sur le continent, rappelle cette source.<\/p>\n\n\n\n<p>Cons\u00e9quence : \u00ab\u00a0<em>Nous sommes face \u00e0 une r\u00e9alit\u00e9 \u00e0 laquelle nos textes continentaux ne correspondent plus<\/em>\u00a0\u00bb et les s\u00e9ances du Conseil Paix S\u00e9curit\u00e9, dit-elle, deviennent de plus en plus \u00ab\u00a0<em>difficiles<\/em>\u00a0\u00bb.<\/p>\n\n\n\n<p>Selon cette m\u00eame source, le c\u0153ur des d\u00e9bats a port\u00e9 sur le positionnement de l&rsquo;Union africaine par rapport aux d\u00e9cisions de la Communaut\u00e9 \u00e9conomique des \u00c9tats de l&rsquo;Afrique de l&rsquo;Ouest (C\u00e9d\u00e9ao). \u00ab&nbsp;<em>Certains, au sein du Conseil, ont souhait\u00e9<\/em>, assure-t-elle,<em>&nbsp;pouvoir \u00e9mettre des r\u00e9serves et demander des clarifications dans la s\u00e9quence qui pourrait conduire<\/em>&nbsp;\u00bb \u00e0 l&rsquo;option militaire envisag\u00e9e par la C\u00e9d\u00e9ao.<\/p>\n\n\n\n<h2 class=\"wp-block-heading\">Les pays membres du CSP n\u00e9gocient depuis le 14 ao\u00fbt les termes exacts d&rsquo;un communiqu\u00e9 final<\/h2>\n\n\n\n<p>De son c\u00f4t\u00e9, un autre diplomate africain, qui a particip\u00e9 \u00e0 la r\u00e9union, affirme que les pays d&rsquo;Afrique australe et d\u2019Afrique du Nord \u00e9taient \u00ab&nbsp;<em>vent debout contre toute intervention militaire<\/em>&nbsp;\u00bb. Les pays d&rsquo;Afrique centrale, toujours selon cette source, ont eux aussi exprim\u00e9 leur d\u00e9saccord.<\/p>\n\n\n\n<p>\u00c0 l&rsquo;issue de la r\u00e9union, le texte du communiqu\u00e9 est entr\u00e9 dans un \u00ab&nbsp;<em>processus silencieux<\/em>&nbsp;\u00bb selon les mots d&rsquo;un diplomate. Les pays membres du Conseil Paix et S\u00e9curit\u00e9 n\u00e9gocient depuis le 14 ao\u00fbt ses termes exacts. Car il s&rsquo;agit d&rsquo;un document qui \u00ab&nbsp;<em>nous engage collectivement<\/em>&nbsp;\u00bb, a tenu a rappeler notre source.<\/p>\n","protected":false},"excerpt":{"rendered":"<p>La communaut\u00e9 internationale a les yeux braqu\u00e9s sur le Niger, depuis le coup d\u2019\u00c9tat du 26 juillet. Un communiqu\u00e9 final<\/p>\n","protected":false},"author":1,"featured_media":19043,"comment_status":"open","ping_status":"open","sticky":false,"template":"","format":"standard","meta":{"footnotes":""},"categories":[51],"tags":[],"class_list":["post-19042","post","type-post","status-publish","format-standard","has-post-thumbnail","hentry","category-general"],"_links":{"self":[{"href":"https:\/\/dekkbi.com\/index.php?rest_route=\/wp\/v2\/posts\/19042","targetHints":{"allow":["GET"]}}],"collection":[{"href":"https:\/\/dekkbi.com\/index.php?rest_route=\/wp\/v2\/posts"}],"about":[{"href":"https:\/\/dekkbi.com\/index.php?rest_route=\/wp\/v2\/types\/post"}],"author":[{"embeddable":true,"href":"https:\/\/dekkbi.com\/index.php?rest_route=\/wp\/v2\/users\/1"}],"replies":[{"embeddable":true,"href":"https:\/\/dekkbi.com\/index.php?rest_route=%2Fwp%2Fv2%2Fcomments&post=19042"}],"version-history":[{"count":1,"href":"https:\/\/dekkbi.com\/index.php?rest_route=\/wp\/v2\/posts\/19042\/revisions"}],"predecessor-version":[{"id":19044,"href":"https:\/\/dekkbi.com\/index.php?rest_route=\/wp\/v2\/posts\/19042\/revisions\/19044"}],"wp:featuredmedia":[{"embeddable":true,"href":"https:\/\/dekkbi.com\/index.php?rest_route=\/wp\/v2\/media\/19043"}],"wp:attachment":[{"href":"https:\/\/dekkbi.com\/index.php?rest_route=%2Fwp%2Fv2%2Fmedia&parent=19042"}],"wp:term":[{"taxonomy":"category","embeddable":true,"href":"https:\/\/dekkbi.com\/index.php?rest_route=%2Fwp%2Fv2%2Fcategories&post=19042"},{"taxonomy":"post_tag","embeddable":true,"href":"https:\/\/dekkbi.com\/index.php?rest_route=%2Fwp%2Fv2%2Ftags&post=19042"}],"curies":[{"name":"wp","href":"https:\/\/api.w.org\/{rel}","templated":true}]}}