{"id":18997,"date":"2023-08-15T12:02:08","date_gmt":"2023-08-15T12:02:08","guid":{"rendered":"https:\/\/dekkbi.com\/?p=18997"},"modified":"2023-08-15T12:02:09","modified_gmt":"2023-08-15T12:02:09","slug":"cest-aida-mbodj-de-lalliance-nationale-pour-la-democratie-qui-lassure-yewwi-est-aujourdhui-plus-que-debout","status":"publish","type":"post","link":"https:\/\/dekkbi.com\/?p=18997","title":{"rendered":"C\u2019est A\u00efda Mbodj, de l&rsquo;Alliance nationale pour la d\u00e9mocratie qui l\u2019assure : \u00abYewwi est aujourd\u2019hui plus que debout ! \u00bb"},"content":{"rendered":"\n<p>Invit\u00e9e de l\u2019\u00e9mission Tlv sur la Sen Tv, A\u00efda Mbodj a d\u00e9clar\u00e9 que \u00abYewwi Askan Wi est aujourd\u2019hui plus que debout, elle suit sa trajectoire et a un objectif pr\u00e9cis. Nous avons souscrit un accord cadre et cet accord a \u00e9t\u00e9 tr\u00e8s clair\u00bb.<\/p>\n\n\n\n<p>Selon A\u00efda Mbodj, \u00abYewwi est aujourd\u2019hui plus que debout, elle suit sa trajectoire et a un objectif pr\u00e9cis. Nous avons souscrit un accord cadre et cet accord a \u00e9t\u00e9 tr\u00e8s clair. Pas d\u2019accointance avec l\u2019adversaire, respect entre nous pendant la campagne, pas de d\u00e9rive, soutien au deuxi\u00e8me tour avec un programme minimal qu\u2019on s\u2019est partag\u00e9 depuis le d\u00e9but\u00bb.\u00c0 la d\u00e9charge d\u2019Ousmane Sonko, a poursuivi A\u00efda Mbodj, \u00abje rappelle quelque chose que vous connaissez peut-\u00eatre, quand le Khalife g\u00e9n\u00e9ral des mourides a envoy\u00e9 son \u00e9missaire lors des \u00e9v\u00e8nements de mars 2021, il nous avait demand\u00e9 de lui remettre un m\u00e9morandum et dans lequel Ousmane Sonko avait insist\u00e9 pour qu\u2019on mette en bonne place notre principale revendication, c\u2019est-\u00e0-dire l\u2019\u00e9ligibilit\u00e9 de Khalifa Sall et Karim Wade. Donc \u00e7a a toujours \u00e9t\u00e9 notre combat. Il l\u2019a dit et moi personnellement je l\u2019ai aussi dit\u00bb.Concernant l\u2019exclusion de Taxawu, A\u00efda Mbodj de dire : \u00abAu niveau de Yewwi Askan Wi tout est consensuel. \u00c0 chaque fois qu\u2019on fait quelque chose, chacun de nous peut le revendiquer, c\u2019est la r\u00e8gle. Si je n\u2019avais pas valid\u00e9, ce serait accompagn\u00e9 de ma d\u00e9mission. Mais \u00e0 chaque fois que quelqu\u2019un n\u2019a pas d\u00e9missionn\u00e9 de Yewwi, tout ce qu\u2019il fait dans la coalition le lie. Vous avez vu au moins deux actes dans une m\u00eame semaine apr\u00e8s l\u2019intervention du d\u00e9put\u00e9 maire Omar Ciss\u00e9. Un homme que je viens de d\u00e9couvrir, je savais que c\u2019est un grand intellectuel<\/p>\n\n\n\n<p>Mais ce courage qu\u2019il a et qui a cr\u00e9\u00e9 le brouhaha au niveau de l\u2019Assembl\u00e9e, \u00e7a r\u00e9v\u00e8le \u00e0 quel point nous-m\u00eames n\u2019avions pas mesur\u00e9 ce qui se passait. Mais nous avons pris la pleine mesure de ce qui s\u2019est pass\u00e9 quand il a prononc\u00e9 le nom d&rsquo;Ousmane Sonko pour le r\u00e9tablir dans ses droits avec la suppression de l\u2019article L 57. C\u2019est grave, c\u2019est grave. Nous, nous soutenons la r\u00e9int\u00e9gration de nos amis, au m\u00eame moment, on ne lui parle pas de suppression de l\u2019article L57\u00bb, a laiss\u00e9 entendre A\u00efda Mbodj.Pour la pr\u00e9sidente de l\u2019Alliance nationale d\u00e9mocratique, \u00able recul d\u00e9mocratique dont on parle n\u2019est pas un proc\u00e8s en sorcellerie, car c\u2019est le pr\u00e9sident de la R\u00e9publique lui-m\u00eame qui l\u2019a dit. Il a promis de r\u00e9duire l\u2019opposition \u00e0 sa plus simple expression, \u00e9videmment, en quoi faisant ? Il s\u2019est acharn\u00e9 sur l\u2019opposition, qui naturellement a r\u00e9sist\u00e9 et a us\u00e9 de son droit constitutionnel de s\u2019opposer. Ce qui s\u2019en est suivi, c&rsquo;est que l\u2019opposition a subi des restrictions de libert\u00e9 qui \u00e9manent de la majorit\u00e9 pr\u00e9sidentielle. Et parfois, on ne peut m\u00eame pas dire qu\u2019on a l\u2019impression, mais on a d\u00e9vi\u00e9 de ce qui est essentiel : c\u2019est l\u2019\u00c9tat de droit\u00bb, se d\u00e9sole l\u2019ancien ministre.<\/p>\n\n\n\n<p>Parce que, explique-telle, \u00ab\u00e0 certains endroits, on a utilis\u00e9 la justice, or un grand magistrat disait que la justice s\u2019est adoss\u00e9e sur un seul principe, celui de la primaut\u00e9 du droit. C\u2019est le droit qui doit primer sur tout, le droit est transversal. Cette justice dont nous avons besoin en tant qu\u2019investisseurs, cette justice nous en avons besoin en tant que population s\u00e9n\u00e9galaise. C\u2019est cette justice que malheureusement nos gouvernants utilisent pour opprimer l\u2019opposition\u00bb, d\u00e9plore A\u00efda Mbodj.Dans le m\u00eame sillage, elle ajoute : \u00ab\u00e0 chaque fois, on constate ce qu\u2019on constate, ils ont le droit de s\u2019attaquer \u00e0 nous, ils ont le droit de nous insulter, ils ont le droit d\u2019avoir des propos inappropri\u00e9s, mais nous d\u00e8s qu\u2019on r\u00e9agit, la justice s\u2019abat sur nous. Et je pense que c\u2019est ce qui nous fait dire parfois que nous sommes en face d\u2019une justice in\u00e9quitable\u00bb.<\/p>\n\n\n\n<p>Abordant l\u2019affaire Ousmane Sonko, A\u00efda Mbodj a tenu \u00e0 pr\u00e9ciser : \u00abMa d\u00e9termination, mon d\u00e9sir de l\u2019accompagner, mon souhait de le voir r\u00e9tabli dans ses droits qui m\u2019habitaient depuis que j\u2019ai accept\u00e9 d\u2019\u00eatre son avocate \u00e0 l\u2019Assembl\u00e9e nationale n\u2019ont boug\u00e9 d\u2019un iota. C\u2019est aujourd\u2019hui que je suis plus d\u00e9termin\u00e9e \u00e0 l\u2019accompagner. Aujourd\u2019hui qu\u2019il se sent trahi par ses anciens compagnons, par tous ceux qui devaient porter son combat, tous les autres, moi&#8230;\u00bb.De l\u2019avis de la pr\u00e9sidente de l&rsquo;Alliance nationale pour la d\u00e9mocratie, \u00abon ne peut pas, par contre, parler de trahison pour ce qui concerne le peuple parce qu\u2019il l\u2019a accompagn\u00e9 jusqu\u2019ici. Si le peuple n\u2019\u00e9tait pas l\u00e0 depuis 2021, Ousmane Sonko serait incarc\u00e9r\u00e9 injustement. Et nous nous r\u00e9jouissons de tout ce qui s\u2019\u00e9tait dit, parce que nous avions dit que ce n\u2019\u00e9tait pas lui, qu\u2019il n\u2019\u00e9tait pas responsable de cette situation.Cette justice que je viens d\u2019\u00e9voquer nous a donn\u00e9 raison, mais on continue de s\u2019acharner sur lui. Et ce qu\u2019il vit aujourd\u2019hui est l\u2019aboutissement d\u2019un long processus de liquidation qu\u2019il vit depuis 2014, depuis sa radiation, depuis longtemps. Aujourd\u2019hui on en rajoute, on ne peut pas parler de trahison, peut-\u00eatre que j\u2019ai l\u00e2ch\u00e9 le mot, mais on peut parler de d\u00e9ception. D\u00e9ception vis-\u00e0-vis de certains pour qui Ousmane Sonko avait v\u00e9ritablement de l\u2019affection et de la sympathie\u00bb, a laiss\u00e9 entendre A\u00efda Mbodj.<\/p>\n\n\n\n<p>Tribune<div>.<\/div><\/p>\n","protected":false},"excerpt":{"rendered":"<p>Invit\u00e9e de l\u2019\u00e9mission Tlv sur la Sen Tv, A\u00efda Mbodj a d\u00e9clar\u00e9 que \u00abYewwi Askan Wi est aujourd\u2019hui plus que<\/p>\n","protected":false},"author":1,"featured_media":16042,"comment_status":"open","ping_status":"open","sticky":false,"template":"","format":"standard","meta":{"footnotes":""},"categories":[6],"tags":[],"class_list":["post-18997","post","type-post","status-publish","format-standard","has-post-thumbnail","hentry","category-politics"],"_links":{"self":[{"href":"https:\/\/dekkbi.com\/index.php?rest_route=\/wp\/v2\/posts\/18997","targetHints":{"allow":["GET"]}}],"collection":[{"href":"https:\/\/dekkbi.com\/index.php?rest_route=\/wp\/v2\/posts"}],"about":[{"href":"https:\/\/dekkbi.com\/index.php?rest_route=\/wp\/v2\/types\/post"}],"author":[{"embeddable":true,"href":"https:\/\/dekkbi.com\/index.php?rest_route=\/wp\/v2\/users\/1"}],"replies":[{"embeddable":true,"href":"https:\/\/dekkbi.com\/index.php?rest_route=%2Fwp%2Fv2%2Fcomments&post=18997"}],"version-history":[{"count":1,"href":"https:\/\/dekkbi.com\/index.php?rest_route=\/wp\/v2\/posts\/18997\/revisions"}],"predecessor-version":[{"id":18998,"href":"https:\/\/dekkbi.com\/index.php?rest_route=\/wp\/v2\/posts\/18997\/revisions\/18998"}],"wp:featuredmedia":[{"embeddable":true,"href":"https:\/\/dekkbi.com\/index.php?rest_route=\/wp\/v2\/media\/16042"}],"wp:attachment":[{"href":"https:\/\/dekkbi.com\/index.php?rest_route=%2Fwp%2Fv2%2Fmedia&parent=18997"}],"wp:term":[{"taxonomy":"category","embeddable":true,"href":"https:\/\/dekkbi.com\/index.php?rest_route=%2Fwp%2Fv2%2Fcategories&post=18997"},{"taxonomy":"post_tag","embeddable":true,"href":"https:\/\/dekkbi.com\/index.php?rest_route=%2Fwp%2Fv2%2Ftags&post=18997"}],"curies":[{"name":"wp","href":"https:\/\/api.w.org\/{rel}","templated":true}]}}