{"id":18991,"date":"2023-08-15T11:45:22","date_gmt":"2023-08-15T11:45:22","guid":{"rendered":"https:\/\/dekkbi.com\/?p=18991"},"modified":"2023-08-15T11:45:22","modified_gmt":"2023-08-15T11:45:22","slug":"sanctions-contre-les-putschistes-au-niger-en-pulaar-macky-sall-explique-les-contours-au-peuple-de-la-cedeao","status":"publish","type":"post","link":"https:\/\/dekkbi.com\/?p=18991","title":{"rendered":"Sanctions contre les putschistes au Niger: En pulaar Macky Sall explique les contours au peuple de la Cedeao"},"content":{"rendered":"\n<p>Dans ce contexte caract\u00e9ris\u00e9 par une lev\u00e9e de boucliers chez les populations africaines suite \u00e0 la mesure de sanctions prises contre les putschistes et autres, la CEDEAO a jug\u00e9 n\u00e9cessaire de communiquer. C\u2019est pourquoi, au terme du sommet, on a demand\u00e9 aux uns et aux autres de s\u2019exprimer dans les langues africaines, notamment le Haoussa et le Pulaar. Et donc le Pr\u00e9sident Macky Sall s\u2019est exprim\u00e9 en pulaar pour ainsi toucher les populations peules se trouvant dans la quasi-totalit\u00e9 des pays de la Cedeao. Il a ainsi expliqu\u00e9 aux populations que ces mesures-l\u00e0 ne sont pas dirig\u00e9es contre les peuples du Niger mais contre les putschistes, parce que c\u2019est inconcevable qu\u2019en Afrique, on d\u00e9pose des chefs d\u2019Etat d\u00e9mocratiquement \u00e9lus. Surtout les conditions dans lesquelles Bazoum a \u00e9t\u00e9 \u00e9vinc\u00e9 du pouvoir, avec des conditions de d\u00e9tention regrettable, relate L&rsquo;As.L\u2019objectif \u00e9tant \u00e9galement de faire comprendre aux populations que maintenant, si les putschistes acceptent de n\u00e9gocier et de lib\u00e9rer Bazoum et les autres, les mesures vont \u00eatre suspendues. La d\u00e9marche entreprise par la CEDEAO se comprend, quand on sait que le pulaar est parl\u00e9 dans 22 pays africains. Dans presque tous les pays de la CEDEAO, il y a des peuls. \u00abLa Cedeao concerne tous les peuples de la sous-r\u00e9gion. Toutes les d\u00e9cisions prises par la Cedeao depuis sa cr\u00e9ation, c\u2019est au nom des peuples et pas au nom des dirigeants. Aussi une d\u00e9cision de la Cedeao est prise au nom de tous ses membres et non pas au nom d\u2019un seul pays. Nous voulons la paix au Niger et dans la sous-r\u00e9gion. Nous voulons mettre fin aux coups d\u2019Etat. La priorit\u00e9 de l\u2019Afrique, c\u2019est le d\u00e9veloppement, l\u2019emploi des jeunes et lutter contre le terrorisme.A cet effet, nous avons demand\u00e9 \u00e0 la junte nig\u00e9rienne de lib\u00e9rer le Pr\u00e9sident Bazoum qu\u2019elle a s\u00e9questr\u00e9 actuellement\u00bb, a expliqu\u00e9 Macky Sall. Le locataire du Palais a ainsi pr\u00e9cis\u00e9 qu\u2019il ne s\u2019agit nullement d\u2019une intervention militaire de la Cedeao contre le peuple du Niger. \u00abLa Cedeao a effectu\u00e9 des missions de paix au Liberia, en Sierra Leone, en C\u00f4te d\u2019Ivoire, en Guin\u00e9e-Bissau et derni\u00e8rement en Gambie. Il s\u2019agit d\u2019une mission contre les coups d\u2019Etat. Il faut que cela cesse dans la sous r\u00e9gion. Aujourd\u2019hui, le Nigeria assure la pr\u00e9sidence de la Cedeao mais cette d\u00e9cision, elle ne l\u2019a pas prise seule. C\u2019est une d\u00e9cision de la Cedeao. Nous voulons que les populations comprennent cette d\u00e9cision. Si la junte accepte de discuter avec la Cedeao, la paix va revenir au Niger. Mais si elle refuse la voie diplomatique, la Cedeao ne peut pas rester sans rien faire. Il faut que la junte nig\u00e9rienne lib\u00e8re le Pr\u00e9sident Bazoum et restaure l\u2019ordre constitutionnel \u00bb, a-t-il indiqu\u00e9.Nd\u00e8ye Fatou K\u00e9b\u00e9<\/p>\n\n\n\n<p>LERAL<\/p>\n","protected":false},"excerpt":{"rendered":"<p>Dans ce contexte caract\u00e9ris\u00e9 par une lev\u00e9e de boucliers chez les populations africaines suite \u00e0 la mesure de sanctions prises<\/p>\n","protected":false},"author":1,"featured_media":14732,"comment_status":"open","ping_status":"open","sticky":false,"template":"","format":"standard","meta":{"footnotes":""},"categories":[6],"tags":[],"class_list":["post-18991","post","type-post","status-publish","format-standard","has-post-thumbnail","hentry","category-politics"],"_links":{"self":[{"href":"https:\/\/dekkbi.com\/index.php?rest_route=\/wp\/v2\/posts\/18991","targetHints":{"allow":["GET"]}}],"collection":[{"href":"https:\/\/dekkbi.com\/index.php?rest_route=\/wp\/v2\/posts"}],"about":[{"href":"https:\/\/dekkbi.com\/index.php?rest_route=\/wp\/v2\/types\/post"}],"author":[{"embeddable":true,"href":"https:\/\/dekkbi.com\/index.php?rest_route=\/wp\/v2\/users\/1"}],"replies":[{"embeddable":true,"href":"https:\/\/dekkbi.com\/index.php?rest_route=%2Fwp%2Fv2%2Fcomments&post=18991"}],"version-history":[{"count":1,"href":"https:\/\/dekkbi.com\/index.php?rest_route=\/wp\/v2\/posts\/18991\/revisions"}],"predecessor-version":[{"id":18992,"href":"https:\/\/dekkbi.com\/index.php?rest_route=\/wp\/v2\/posts\/18991\/revisions\/18992"}],"wp:featuredmedia":[{"embeddable":true,"href":"https:\/\/dekkbi.com\/index.php?rest_route=\/wp\/v2\/media\/14732"}],"wp:attachment":[{"href":"https:\/\/dekkbi.com\/index.php?rest_route=%2Fwp%2Fv2%2Fmedia&parent=18991"}],"wp:term":[{"taxonomy":"category","embeddable":true,"href":"https:\/\/dekkbi.com\/index.php?rest_route=%2Fwp%2Fv2%2Fcategories&post=18991"},{"taxonomy":"post_tag","embeddable":true,"href":"https:\/\/dekkbi.com\/index.php?rest_route=%2Fwp%2Fv2%2Ftags&post=18991"}],"curies":[{"name":"wp","href":"https:\/\/api.w.org\/{rel}","templated":true}]}}