{"id":18933,"date":"2023-08-14T10:56:12","date_gmt":"2023-08-14T10:56:12","guid":{"rendered":"https:\/\/dekkbi.com\/?p=18933"},"modified":"2023-08-14T10:56:13","modified_gmt":"2023-08-14T10:56:13","slug":"cedeao-ne-tirez-pas-sur-vos-compatriotes","status":"publish","type":"post","link":"https:\/\/dekkbi.com\/?p=18933","title":{"rendered":"Cedeao, ne tirez pas sur vos compatriotes !"},"content":{"rendered":"\n<p>La CEDEAO aurait d\u00e9cid\u00e9 de l\u2019usage de la force pour r\u00e9tablir l\u2019ordre constitutionnel au Niger. Une d\u00e9cision lourde de cons\u00e9quences pour de multiples raisons.<\/p>\n\n\n\n<p>Ce serait d\u2019abord un pr\u00e9c\u00e9dent dangereux qu\u2019un ensemble de chefs d\u2019Etat de pays africains, dans un \u00e9lan solidaire, d\u00e9cident de s\u2019attaquer \u00e0 un pays fr\u00e8re appartenant \u00e0 la m\u00eame communaut\u00e9. Celle-ci n\u2019est pas seulement politique, mais elle est aussi culturelle, cultuelle, ethnique et tant d\u2019autres caract\u00e9ristiques communes. Bref, il s\u2019agit l\u00e0 d\u2019une communaut\u00e9 que tout r\u00e9unit au plan sociologique.<\/p>\n\n\n\n<p>Avec la Gambie de Yaya Jammeh, la menace avait \u00e9t\u00e9 brandie de faire partir ce dernier du pouvoir, apr\u00e8s qu\u2019il e\u00fbt voulu renoncer \u00e0 le quitter, malgr\u00e9 sa d\u00e9faite \u00e0 l\u2019\u00e9lection pr\u00e9sidentielle. Finalement, il d\u00fbt se r\u00e9soudre \u00e0 l\u2019exil, apr\u00e8s d\u2019\u00e2pres n\u00e9gociations.<\/p>\n\n\n\n<p>Aujourd\u2019hui, les chefs d\u2019Etat de la CEDEAO, avec tout le respect d\u00fb \u00e0 leur rang, ne semblent malheureusement pas prendre toute la mesure de la gravit\u00e9 d\u2019une d\u00e9cision de s\u2019attaquer militairement au Niger.<\/p>\n\n\n\n<p>Sur le plan institutionnel, entendons-nous bien ! Il s\u2019agit d\u2019un pouvoir ill\u00e9gal qu\u2019ils veulent combattre pour r\u00e9tablir l\u2019ordre constitutionnel.<\/p>\n\n\n\n<p>De ce point de vue, nul ne saurait justifier que le pouvoir soit conquis autrement que par la voie d\u00e9mocratique. Cela dit, en d\u00e9pit de cette consid\u00e9ration d\u2019ill\u00e9galit\u00e9 et d\u2019ill\u00e9gitimit\u00e9 du pouvoir qui s\u2019est install\u00e9 \u00e0 Niamey, ces chefs d\u2019\u00e9tat de la CEDEAO devraient reconsid\u00e9rer leur processus d\u00e9cisionnel en prenant en compte les cons\u00e9quences d\u00e9sastreuses que leur option pourrait engendrer \u00e0&nbsp; plusieurs niveaux.<\/p>\n\n\n\n<p>Les populations civiles du Niger sont \u00e9prouv\u00e9es par une pauvret\u00e9 end\u00e9mique qui fait que leur pays est l\u2019une des trois nations les plus pauvres du monde. En cas d\u2019intervention militaire, le Niger risque de ne plus avoir la moindre chance de se relever de cette pr\u00e9carit\u00e9 alarmante, pour ne pas dire de cette mis\u00e8re, d\u2019autant qu\u2019il est d\u00e9j\u00e0 fortement engag\u00e9 dans la guerre contre les \u00ab&nbsp;djihadistes&nbsp;\u00bb au Sahel .<\/p>\n\n\n\n<p>Une telle intervention militaire ne se limitera certainement pas au niveau des pays de la zone de la CEDEAO.<\/p>\n\n\n\n<p>La France et d\u2019autres puissances occidentales qui ont des int\u00e9r\u00eats \u00e0 prot\u00e9ger au Niger et dans la sous-r\u00e9gion vont s\u2019impliquer \u00e0 travers divers moyens. Ils l\u2019ont d\u00e9j\u00e0 ouvertement annonc\u00e9.<\/p>\n\n\n\n<p>Aussi paradoxal que cela puisse para\u00eetre, ces populations qui seront les premi\u00e8res victimes d\u2019une intervention militaire semblent plut\u00f4t en phase avec les nouvelles autorit\u00e9s, au regard des manifestations de soutien dont elles ont fait l\u2019objet au lendemain du coup d\u2019\u00e9tat du 26 juillet.<\/p>\n\n\n\n<p>Des manifestations qui ont donn\u00e9 lieu \u00e0 des sc\u00e8nes d\u2019hostilit\u00e9, de d\u00e9fiance et de rejet de la France,<\/p>\n\n\n\n<p>consid\u00e9r\u00e9e comme une des principales sources de la&nbsp; mis\u00e8re qui les frappe, du fait notamment de l\u2019exploitation de leurs ressources naturelles,&nbsp; dont elles ne sentent gu\u00e8re les retomb\u00e9es dans leurs conditions de vie. Bref, ce fut l\u2019expression de frustrations longtemps retenues de la part de citoyens r\u00e9volt\u00e9s.<\/p>\n\n\n\n<p>Sur le plan g\u00e9opolitique, les cons\u00e9quences risquent donc d\u2019\u00eatre encore plus catastrophiques.<\/p>\n\n\n\n<p>En effet, il n\u2019est pas \u00e9vident que les peuples de la CEDEAO vont adh\u00e9rer \u00e0 cette initiative pour de multiples raisons. D\u00e9j\u00e0 leurs ressortissants vivant au Niger se plaignent et alertent sur le fait qu\u2019une guerre contre le Niger pourrait&nbsp; entra\u00eener des cons\u00e9quences f\u00e2cheuses dans leur cohabitation pacifique au sein de leur pays d\u2019accueil. Leurs inqui\u00e9tudes sont d\u2019autant plus fond\u00e9es que les pays occidentaux qui vont appuyer la CEDEAO ont d\u00e9j\u00e0 mis&nbsp; en place un dispositif pour rapatrier leurs ressortissants. Alors,&nbsp; ces chefs d\u2019\u00e9tat, vont-ils laisser leurs propres compatriotes \u00eatre des victimes innocentes en cas de conflit arm\u00e9 ?<\/p>\n\n\n\n<p>Il y a un risque r\u00e9el d\u2019embrasement de cette r\u00e9gion de l\u2019Afrique d\u00e9j\u00e0 fortement \u00e9prouv\u00e9e par la&nbsp; guerre larv\u00e9e contre les \u00ab&nbsp;jihadistes&nbsp;\u00bb, dont le Niger est l\u2019un des foyers les plus ardents.<\/p>\n\n\n\n<p>L\u2019absence de coh\u00e9sion au sein des pays membres de la CEDEAO est un facteur aggravant des divisions qu\u2019une \u00e9ventuelle intervention militaire pourrait&nbsp; entra\u00eener. En effet, des \u00e9tats comme le Cap-vert, le Mali, le Burkina Faso et la Guin\u00e9e ont d\u00e9j\u00e0 manifest\u00e9 leur d\u00e9saccord ou leur r\u00e9ticence \u00e0 toute intervention militaire contre le Niger. Les trois derniers cit\u00e9s lui ont m\u00eame exprim\u00e9 leur solidarit\u00e9 agissante \u00e0 travers un communiqu\u00e9 commun indiquant&nbsp; que \u00abtoute attaque contre le Niger serait consid\u00e9r\u00e9e comme une d\u00e9claration de guerre contre eux\u00bb. S\u2019il est vrai que du point de vue des rapports des forces en pr\u00e9sence leur menace n\u2019a que peu d\u2019incidence sur leur d\u00e9cision, en revanche au plan psychologique, elle devrait interpeller la conscience des dirigeants de la CEDEAO favorables \u00e0 l\u2019engagement militaire. Dans la foul\u00e9e, ces trois pays pr\u00e9cit\u00e9s sont m\u00eame all\u00e9s jusqu\u2019\u00e0 menacer de quitter la communaut\u00e9 et de former la leur \u00e9ventuellement, avec toutes les cons\u00e9quences que cela pourrait entra\u00eener au plan politique, \u00e9conomique et financier, notamment avec&nbsp; le retrait \u00e9ventuel du Mali et du Burkina de la zone franc.<\/p>\n\n\n\n<p>Les partisans de la rupture des pays de la zone mon\u00e9taire ouest africaine d\u2019avec la tutelle&nbsp; fran\u00e7aise, trouveraient ici une bonne opportunit\u00e9 de relancer le d\u00e9bat sur la question.<\/p>\n\n\n\n<p>N\u2019y a-t-il pas encore l\u00e0 un risque de dislocation de la communaut\u00e9 ?<\/p>\n\n\n\n<p>Le Niger attaqu\u00e9 par ses voisins de la CEDEAO, avec le soutien logistique de l\u2019occident, notamment celui de la France et des \u00c9tats-Unis, ne laisserait certainement pas la Russie indiff\u00e9rente de m\u00eame que la Chine. Le groupe Wagner serait d\u00e9j\u00e0 signal\u00e9 du c\u00f4t\u00e9 du Mali voisin. Il y a donc l\u00e0 autant de risques d\u2019une internationalisation du conflit et d\u2019un embrasement de toute la zone du Sahel. Face \u00e0 une telle situation, aucun des pays de la sous-r\u00e9gion ne peut s\u2019assurer d\u2019avance qu\u2019il en sortirait indemne.<\/p>\n\n\n\n<p>Enfin, il est fort \u00e0 craindre que si les mutins de Niamey devaient se rendre \u00e0 la suite d\u2019une d\u00e9faite face \u00e0 la CEDEAO et ses alli\u00e9s, qu\u2019ils envisagent le pire en faisant du Pr\u00e9sident Bazoum et de sa famille un bouclier humain, avec toutes les cons\u00e9quences d\u00e9sastreuses que cela pourrait entra\u00eener.<\/p>\n\n\n\n<p>Prions pour que le Pr\u00e9sident Bazoum et \u00e0 sa famille sortent indemnes de cette d\u00e9licate situation. Des t\u00e9moignages&nbsp; le pr\u00e9sentent comme un homme d\u2019Etat imbu de valeurs humanistes et profond\u00e9ment attach\u00e9 \u00e0 ses relations avec autrui.<\/p>\n\n\n\n<p>Mais au-del\u00e0 de toutes ces questions g\u00e9ostrat\u00e9giques , il y a lieu de s\u2019interroger sur la d\u00e9marche de la CEDEAO qui n\u2019anticipe gu\u00e8re sur les probl\u00e8mes pouvant engendrer&nbsp; ces changements de r\u00e9gime non d\u00e9sir\u00e9s au sein de la communaut\u00e9.<\/p>\n\n\n\n<p>En effet, on peut bien&nbsp; se demander o\u00f9 \u00e9tait la CEDEAO, lorsque certains \u00c9tats africains faisaient subir \u00e0 leur peuple, des \u00abcoups d\u2019Etat \u00e9lectoraux\u00bb ou violaient d\u00e9lib\u00e9r\u00e9ment les dispositions de leur constitution.<\/p>\n\n\n\n<p>O\u00f9 \u00e9tait-elle lorsque des \u00e9tats refusaient impun\u00e9ment d\u2019appliquer les d\u00e9cisions issues de ses instances ?<\/p>\n\n\n\n<p>Hier encore, c\u2019\u00e9tait le Mali. On avait constat\u00e9 la fermet\u00e9 agissante, pour dire le moins, avec laquelle la CEDEAO s\u2019\u00e9tait acharn\u00e9e sur le peuple malien, au point de&nbsp; lui imposer un embargo, comme pour lui faire payer son \u00aboutrecuidance\u00bb \u00e0 vouloir se d\u00e9barrasser de son ex-pr\u00e9sident (paix \u00e0 son \u00e2me), \u00e0 qui il \u00e9tait reproch\u00e9 de nombreux griefs li\u00e9s \u00e0 sa gouvernance.<\/p>\n\n\n\n<p>Il y a donc lieu de s\u2019interroger sur l\u2019attitude de la CEDEAO, voire de la communaut\u00e9 internationale qui font du \u00abdeux poids deux mesures\u00bb, par des positionnements largement d\u00e9termin\u00e9s par des facteurs aux antipodes des int\u00e9r\u00eats r\u00e9els des peuples.<\/p>\n\n\n\n<p>Cette d\u00e9marche s\u00e9lective se fonde plus sur les int\u00e9r\u00eats crypto-personnels de certains chefs d\u2019Etat, sur les enjeux g\u00e9ostrat\u00e9giques et \u00e9conomiques des occidentaux qui tirent visiblement les ficelles dans l\u2019ombre.<\/p>\n\n\n\n<p>Toutes choses \u00e9tant \u00e9gales par ailleurs, qui est-ce qui peut donc expliquer ce silence assourdissant de la CEDEAO, au vu de l\u2019obsession du troisi\u00e8me mandat et les violations des droits humains les plus \u00e9l\u00e9mentaires qui se sont sold\u00e9es par des morts ?<\/p>\n\n\n\n<p>Au demeurant,&nbsp; comment ne pas d\u00e9plorer l\u2019attitude de certains m\u00e9dias occidentaux qui se distinguent par une indignation s\u00e9lective, s\u2019\u00e9mouvant \u00e0 peine de la mort par dizaines d\u2019africains qui se battent pour la pr\u00e9servation de leur dignit\u00e9 et le triomphe de la d\u00e9mocratie. Aucune vie n\u2019a plus de valeur qu\u2019une autre. C\u2019est le lieu de condamner sans ambages le manque d\u2019\u00e9quit\u00e9 dans le traitement de l\u2019information et de respect en toutes circonstances, de l\u2019\u00e9gale dignit\u00e9 de tous les \u00eatres humains.<\/p>\n\n\n\n<p>La sauvegarde des int\u00e9r\u00eats occidentaux semble guider dans bien des cas tous ces comportements qui n\u2019honorent pas l\u2019Afrique.<\/p>\n\n\n\n<p>Peu importe le non-respect des r\u00e8gles de bonne gouvernance, d\u00e8s lors que les int\u00e9r\u00eats des grands groupes occidentaux, des lobbies de toutes sortes sont pr\u00e9serv\u00e9s.<\/p>\n\n\n\n<p>Peu importe la vie des africains face aux gros enjeux financiers menac\u00e9s. A fortiori lorsqu\u2019ils trouvent leur soubassement dans la cupidit\u00e9 de certains de nos dirigeants.<\/p>\n\n\n\n<p>Loin de toute attitude fataliste, la situation actuelle nous impose donc aujourd\u2019hui plus que jamais un sursaut d\u2019orgueil, un r\u00e9veil&nbsp; hardi de la conscience nationale voire africaine.<\/p>\n\n\n\n<p><strong>Abdoul Aziz Tall<\/strong><\/p>\n\n\n\n<p><strong>Ancien Ministre<\/strong><\/p>\n","protected":false},"excerpt":{"rendered":"<p>La CEDEAO aurait d\u00e9cid\u00e9 de l\u2019usage de la force pour r\u00e9tablir l\u2019ordre constitutionnel au Niger. Une d\u00e9cision lourde de cons\u00e9quences<\/p>\n","protected":false},"author":1,"featured_media":18504,"comment_status":"open","ping_status":"open","sticky":false,"template":"","format":"standard","meta":{"footnotes":""},"categories":[6],"tags":[],"class_list":["post-18933","post","type-post","status-publish","format-standard","has-post-thumbnail","hentry","category-politics"],"_links":{"self":[{"href":"https:\/\/dekkbi.com\/index.php?rest_route=\/wp\/v2\/posts\/18933","targetHints":{"allow":["GET"]}}],"collection":[{"href":"https:\/\/dekkbi.com\/index.php?rest_route=\/wp\/v2\/posts"}],"about":[{"href":"https:\/\/dekkbi.com\/index.php?rest_route=\/wp\/v2\/types\/post"}],"author":[{"embeddable":true,"href":"https:\/\/dekkbi.com\/index.php?rest_route=\/wp\/v2\/users\/1"}],"replies":[{"embeddable":true,"href":"https:\/\/dekkbi.com\/index.php?rest_route=%2Fwp%2Fv2%2Fcomments&post=18933"}],"version-history":[{"count":1,"href":"https:\/\/dekkbi.com\/index.php?rest_route=\/wp\/v2\/posts\/18933\/revisions"}],"predecessor-version":[{"id":18934,"href":"https:\/\/dekkbi.com\/index.php?rest_route=\/wp\/v2\/posts\/18933\/revisions\/18934"}],"wp:featuredmedia":[{"embeddable":true,"href":"https:\/\/dekkbi.com\/index.php?rest_route=\/wp\/v2\/media\/18504"}],"wp:attachment":[{"href":"https:\/\/dekkbi.com\/index.php?rest_route=%2Fwp%2Fv2%2Fmedia&parent=18933"}],"wp:term":[{"taxonomy":"category","embeddable":true,"href":"https:\/\/dekkbi.com\/index.php?rest_route=%2Fwp%2Fv2%2Fcategories&post=18933"},{"taxonomy":"post_tag","embeddable":true,"href":"https:\/\/dekkbi.com\/index.php?rest_route=%2Fwp%2Fv2%2Ftags&post=18933"}],"curies":[{"name":"wp","href":"https:\/\/api.w.org\/{rel}","templated":true}]}}