{"id":18920,"date":"2023-08-14T10:33:25","date_gmt":"2023-08-14T10:33:25","guid":{"rendered":"https:\/\/dekkbi.com\/?p=18920"},"modified":"2023-08-14T10:33:26","modified_gmt":"2023-08-14T10:33:26","slug":"au-mali-larmee-recupere-une-base-de-lonu-convoitee-par-lex-rebellion-touaregue","status":"publish","type":"post","link":"https:\/\/dekkbi.com\/?p=18920","title":{"rendered":"Au Mali, l\u2019arm\u00e9e r\u00e9cup\u00e8re une base de l\u2019ONU convoit\u00e9e par l\u2019ex-r\u00e9bellion touar\u00e8gue"},"content":{"rendered":"\n<p>La Mission des Nations unies pour le Mali (Minusma) a indiqu\u00e9 dimanche avoir \u00ab&nbsp;anticip\u00e9&nbsp;\u00bb son retrait d\u2019une base \u00e0 Ber, dans le nord du pays, \u00ab&nbsp;en raison de la d\u00e9gradation de la s\u00e9curit\u00e9 dans la zone&nbsp;\u00bb. Le d\u00e9part des Casques bleus burkinab\u00e8 occupant cette base \u00e9tait programm\u00e9 dans le cadre du retrait de la Minusma du Mali, d\u00e9cid\u00e9e par le Conseil de s\u00e9curit\u00e9 de l\u2019ONU fin juin .<\/p>\n\n\n\n<p>La Mission des Nations unies au&nbsp;<a href=\"https:\/\/www.france24.com\/fr\/tag\/mali\/\">Mali<\/a>&nbsp;(<a href=\"https:\/\/www.france24.com\/fr\/tag\/minusma\/\">Minusma<\/a>) a annonc\u00e9 dimanche 13 ao\u00fbt avoir \u00ab&nbsp;anticip\u00e9&nbsp;\u00bb, pour des raisons de s\u00e9curit\u00e9, son retrait d\u2019un camp dans le nord du pays, que l\u2019arm\u00e9e affirme avoir r\u00e9cup\u00e9r\u00e9 \u00ab&nbsp;apr\u00e8s de nombreux incidents&nbsp;\u00bb avec les groupes \u00ab&nbsp;terroristes&nbsp;\u00bb et malgr\u00e9 les convoitises de l\u2019ex-r\u00e9bellion&nbsp;<a href=\"https:\/\/www.france24.com\/fr\/tag\/touareg\/\">touar\u00e8gue<\/a>.<\/p>\n\n\n\n<p>\u00ab&nbsp;La Minusma a anticip\u00e9 son retrait de Ber en raison de la d\u00e9gradation de la s\u00e9curit\u00e9 dans la zone et des risques \u00e9lev\u00e9s que cela fait peser sur nos Casques Bleus&nbsp;\u00bb, explique-t-elle dans un message sur X (anciennement Twitter), sans pr\u00e9cision sur la date de d\u00e9part initiale et les effectifs.&nbsp;Elle \u00ab&nbsp;invite les diff\u00e9rents acteurs concern\u00e9s \u00e0 s\u2019abstenir de tout acte qui pourrait davantage compliquer l\u2019op\u00e9ration&nbsp;\u00bb.<\/p>\n\n\n\n<p>Le d\u00e9part de Ber des Casques bleus burkinab\u00e8 qui l\u2019occupaient \u00e9tait programm\u00e9 dans le cadre du retrait de la Minusma d\u2019ici \u00e0 la fin de l\u2019ann\u00e9e de ce pays, avec un premier d\u00e9part intervenu le 3 ao\u00fbt \u00e0 Ogossagou (centre) que l\u2019arm\u00e9e, dans un communiqu\u00e9 publi\u00e9 dimanche soir, dit contr\u00f4ler depuis.<\/p>\n\n\n\n<p>La Minusma applique ainsi la d\u00e9cision prise fin juin par le Conseil de s\u00e9curit\u00e9 de l\u2019ONU de mettre un terme imm\u00e9diat \u00e0 la mission d\u00e9ploy\u00e9e depuis 2013, \u00e0 la demande de la junte arriv\u00e9e au pouvoir par la force en 2020.&nbsp;Le retrait des quelque 11&nbsp;600&nbsp;soldats et 1&nbsp;500&nbsp;policiers de dizaines de nationalit\u00e9s doit s\u2019\u00e9chelonner jusqu\u2019au 31 d\u00e9cembre.<\/p>\n","protected":false},"excerpt":{"rendered":"<p>La Mission des Nations unies pour le Mali (Minusma) a indiqu\u00e9 dimanche avoir \u00ab&nbsp;anticip\u00e9&nbsp;\u00bb son retrait d\u2019une base \u00e0 Ber,<\/p>\n","protected":false},"author":1,"featured_media":18387,"comment_status":"open","ping_status":"open","sticky":false,"template":"","format":"standard","meta":{"footnotes":""},"categories":[51],"tags":[],"class_list":["post-18920","post","type-post","status-publish","format-standard","has-post-thumbnail","hentry","category-general"],"_links":{"self":[{"href":"https:\/\/dekkbi.com\/index.php?rest_route=\/wp\/v2\/posts\/18920","targetHints":{"allow":["GET"]}}],"collection":[{"href":"https:\/\/dekkbi.com\/index.php?rest_route=\/wp\/v2\/posts"}],"about":[{"href":"https:\/\/dekkbi.com\/index.php?rest_route=\/wp\/v2\/types\/post"}],"author":[{"embeddable":true,"href":"https:\/\/dekkbi.com\/index.php?rest_route=\/wp\/v2\/users\/1"}],"replies":[{"embeddable":true,"href":"https:\/\/dekkbi.com\/index.php?rest_route=%2Fwp%2Fv2%2Fcomments&post=18920"}],"version-history":[{"count":1,"href":"https:\/\/dekkbi.com\/index.php?rest_route=\/wp\/v2\/posts\/18920\/revisions"}],"predecessor-version":[{"id":18921,"href":"https:\/\/dekkbi.com\/index.php?rest_route=\/wp\/v2\/posts\/18920\/revisions\/18921"}],"wp:featuredmedia":[{"embeddable":true,"href":"https:\/\/dekkbi.com\/index.php?rest_route=\/wp\/v2\/media\/18387"}],"wp:attachment":[{"href":"https:\/\/dekkbi.com\/index.php?rest_route=%2Fwp%2Fv2%2Fmedia&parent=18920"}],"wp:term":[{"taxonomy":"category","embeddable":true,"href":"https:\/\/dekkbi.com\/index.php?rest_route=%2Fwp%2Fv2%2Fcategories&post=18920"},{"taxonomy":"post_tag","embeddable":true,"href":"https:\/\/dekkbi.com\/index.php?rest_route=%2Fwp%2Fv2%2Ftags&post=18920"}],"curies":[{"name":"wp","href":"https:\/\/api.w.org\/{rel}","templated":true}]}}