{"id":18902,"date":"2023-08-14T10:06:11","date_gmt":"2023-08-14T10:06:11","guid":{"rendered":"https:\/\/dekkbi.com\/?p=18902"},"modified":"2023-08-14T10:06:12","modified_gmt":"2023-08-14T10:06:12","slug":"assomption-leglise-catholique-celebre-marie-ce-mardi","status":"publish","type":"post","link":"https:\/\/dekkbi.com\/?p=18902","title":{"rendered":"Assomption: l\u2019Eglise catholique c\u00e9l\u00e8bre Marie, ce mardi"},"content":{"rendered":"\n<p><strong>Ce mardi 15 ao\u00fbt 2023, l\u2019Eglise catholique c\u00e9l\u00e8bre la Vierge Marie, m\u00e8re de J\u00e9sus, \u00e9lev\u00e9e au ciel, corps et \u00e2me, apr\u00e8s sa mort.<\/strong><\/p>\n\n\n\n<p>En tant que dogme de l\u2019Eglise catholique, la f\u00eate de l\u2019Assomption est c\u00e9l\u00e9br\u00e9e tous les ans, le 15 ao\u00fbt,&nbsp;dans l\u2019Eglise catholique romaine et dans de nombreuses autres Eglises chr\u00e9tiennes. Pendant cette solennit\u00e9 de l\u2019Assomption de la Vierge Marie, on assiste \u00e0 de nombreuses processions dans les rues, les statues de la Vierge Marie promen\u00e9es dans la ville afin d\u2019attirer la bienveillance de Marie sur les fid\u00e8les.<strong>&nbsp;<\/strong>Une croyance li\u00e9e \u00e0 Marie uniquement qui, prot\u00e9g\u00e9e du p\u00e9ch\u00e9 originel, est mont\u00e9e au ciel corps et \u00e2me.<\/p>\n\n\n\n<p>Cette d\u00e9votion est d\u00fb au fait que Marie a enfant\u00e9, sans avoir de relation charnelle&nbsp;; elle est rest\u00e9e pure toute sa vie, n\u2019a commis aucun p\u00e9ch\u00e9 et n\u2019a donc pas eu besoin de se s\u00e9parer de son corps pour rejoindre le ciel.&nbsp;D\u2019o\u00f9 la c\u00e9l\u00e9bration de sa personne et de son \u00e2me. Autrement dit, l\u2019Eglise c\u00e9l\u00e8bre la Vierge et le miracle de l\u2019immacul\u00e9e conception. Qui signifie Marie&nbsp;<em>\u00absans tache\u00bb<\/em>, c\u2019est-\u00e0-dire sans p\u00e9ch\u00e9 originel h\u00e9rit\u00e9 par tous les hommes, depuis Adam et Eve.<\/p>\n\n\n\n<p><strong>LA PLACE DE MARIE DANS LA FOI CHRETIENNE<\/strong><\/p>\n\n\n\n<p>En tant que m\u00e8re de J\u00e9sus et mod\u00e8le de foi et de d\u00e9votion pour les croyants, Marie\u00a0reconna\u00eet en son fils le\u00a0Messie, l\u2019envoy\u00e9 de Dieu. En m\u00e8re et en\u00a0disciple, Marie se tient au pied de la croix. Malgr\u00e9 la condamnation de J\u00e9sus par les hommes, sa confiance demeure in\u00e9branlable.\u00a0Cette c\u00e9l\u00e9bration vivifie la croyance chr\u00e9tienne, en la vie \u00e9ternelle, ainsi que\u00a0le r\u00f4le de la foi et de la pri\u00e8re pour les chr\u00e9tiens.<\/p>\n\n\n\n<p>L\u2019\u00e9vang\u00e9liste Jean relate une des derni\u00e8res paroles de J\u00e9sus :\u00a0<em>\u00abFemme, voici ton fils\u00bb<\/em>. J\u00e9sus confie l\u2019ap\u00f4tre\u00a0Jean \u00e0 sa m\u00e8re. Puis J\u00e9sus confie Marie \u00e0 son\u00a0disciple\u00a0:\u00a0<em>\u00abVoici ta m\u00e8re\u00bb<\/em>\u00a0(Jean 19, 25-27). Par la suite, Marie sera d\u00e9sign\u00e9e comme m\u00e8re des Chr\u00e9tiens, de tous ceux qui reconnaissent le\u00a0Messie\u00a0de Dieu, sous les traits du crucifi\u00e9 et proclament sa\u00a0R\u00e9surrection.<\/p>\n\n\n\n<p>La place de Marie dans la vie de l\u2019Eglise fait d\u2019abord et fait surtout d\u2019elle la servante du Seigneur. Son r\u00f4le maternel, qui ne diminue en rien l\u2019unique m\u00e9diation du Christ, est au service de l\u2019union des croyants avec son Fils. Elle est aussi, simplement, par sa mani\u00e8re, mod\u00e8le de l\u2019Eglise et signe d\u2019esp\u00e9rance et de consolation pour le peuple de Dieu. Le culte d\u00fb \u00e0 Marie respectera toujours sa dignit\u00e9 de M\u00e8re de Dieu et la pr\u00e9\u00e9minence absolue du Christ.<\/p>\n\n\n\n<p>A ne pas confondre Assomption et Ascension, deux termes utilis\u00e9s dans les contextes religieux pour d\u00e9crire des \u00e9v\u00e9nements diff\u00e9rents. L\u2019ascension fait r\u00e9f\u00e9rence \u00e0 l\u2019\u00e9l\u00e9vation de J\u00e9sus-Christ vers le ciel. L\u2019Ascension est c\u00e9l\u00e9br\u00e9e quarante jours apr\u00e8s P\u00e2ques.<\/p>\n\n\n\n<p><strong>JEAN PIERRE MALOU<\/strong><\/p>\n","protected":false},"excerpt":{"rendered":"<p>Ce mardi 15 ao\u00fbt 2023, l\u2019Eglise catholique c\u00e9l\u00e8bre la Vierge Marie, m\u00e8re de J\u00e9sus, \u00e9lev\u00e9e au ciel, corps et \u00e2me,<\/p>\n","protected":false},"author":1,"featured_media":18903,"comment_status":"open","ping_status":"open","sticky":false,"template":"","format":"standard","meta":{"footnotes":""},"categories":[21],"tags":[],"class_list":["post-18902","post","type-post","status-publish","format-standard","has-post-thumbnail","hentry","category-societe"],"_links":{"self":[{"href":"https:\/\/dekkbi.com\/index.php?rest_route=\/wp\/v2\/posts\/18902","targetHints":{"allow":["GET"]}}],"collection":[{"href":"https:\/\/dekkbi.com\/index.php?rest_route=\/wp\/v2\/posts"}],"about":[{"href":"https:\/\/dekkbi.com\/index.php?rest_route=\/wp\/v2\/types\/post"}],"author":[{"embeddable":true,"href":"https:\/\/dekkbi.com\/index.php?rest_route=\/wp\/v2\/users\/1"}],"replies":[{"embeddable":true,"href":"https:\/\/dekkbi.com\/index.php?rest_route=%2Fwp%2Fv2%2Fcomments&post=18902"}],"version-history":[{"count":1,"href":"https:\/\/dekkbi.com\/index.php?rest_route=\/wp\/v2\/posts\/18902\/revisions"}],"predecessor-version":[{"id":18904,"href":"https:\/\/dekkbi.com\/index.php?rest_route=\/wp\/v2\/posts\/18902\/revisions\/18904"}],"wp:featuredmedia":[{"embeddable":true,"href":"https:\/\/dekkbi.com\/index.php?rest_route=\/wp\/v2\/media\/18903"}],"wp:attachment":[{"href":"https:\/\/dekkbi.com\/index.php?rest_route=%2Fwp%2Fv2%2Fmedia&parent=18902"}],"wp:term":[{"taxonomy":"category","embeddable":true,"href":"https:\/\/dekkbi.com\/index.php?rest_route=%2Fwp%2Fv2%2Fcategories&post=18902"},{"taxonomy":"post_tag","embeddable":true,"href":"https:\/\/dekkbi.com\/index.php?rest_route=%2Fwp%2Fv2%2Ftags&post=18902"}],"curies":[{"name":"wp","href":"https:\/\/api.w.org\/{rel}","templated":true}]}}