{"id":18888,"date":"2023-08-14T09:36:11","date_gmt":"2023-08-14T09:36:11","guid":{"rendered":"https:\/\/dekkbi.com\/?p=18888"},"modified":"2023-08-14T09:36:13","modified_gmt":"2023-08-14T09:36:13","slug":"choix-du-candidat-de-bby-aly-ngouille-ndiaye-je-ne-suis-pas-pret-a-desister","status":"publish","type":"post","link":"https:\/\/dekkbi.com\/?p=18888","title":{"rendered":"Choix du candidat de Bby\/ Aly Ngouille Ndiaye: \u00ab Je ne suis pas pr\u00eat \u00e0 d\u00e9sister\u2026\u00bb"},"content":{"rendered":"\n<h3 class=\"wp-block-heading\">Le pr\u00e9sident de la r\u00e9publique, Macky Sall a d\u00e9cid\u00e9 de ne pas se pr\u00e9senter \u00e0 l\u2019\u00e9lection pr\u00e9sidentielle de f\u00e9vrier 2024. Depuis lors, des pr\u00e9tendants au fauteuil pr\u00e9sidentiel se signalent au sein de l\u2019Alliance pour la r\u00e9publique. C\u2019est le cas du ministre de l\u2019Agriculture, de l\u2019\u00c9quipement rural et de la Souverainet\u00e9 alimentaire, Aly Ngouille Ndiaye. Cit\u00e9 par les personnalit\u00e9s politiques de la mouvance pr\u00e9sidentielle qui veulent succ\u00e9der au chef de l\u2019Etat, le maire de la commune de Lingu\u00e8re est toujours droit dans ses bottes.<\/h3>\n\n\n\n<p>\u00abJe ne suis pas pr\u00eat \u00e0 d\u00e9sister. J\u2019ai d\u00e9j\u00e0 indiqu\u00e9 de fa\u00e7on tr\u00e8s claire que je suis candidat\u00bb, a-t-il dit, lors de son passage, ce dimanche dans l\u2019\u00e9mission \u2018\u2019Jury du dimanche\u2019\u2019 de Iradio. Aly Ngouille Ndiaye qui ne compte pas reculer d\u2019un iota pr\u00e9cise qu\u2019il devait pr\u00e9senter sa candidature pour la pr\u00e9sidentielle depuis 2012.<\/p>\n\n\n\n<p>\u00abJe devais \u00eatre candidat normalement en 2012, mais j\u2019ai finalement choisi d\u2019accompagner le Pr\u00e9sident Macky Sall \u00e0 la conqu\u00eate du pouvoir. En 2019, j\u2019\u00e9tais ministre de l\u2019Int\u00e9rieur. C\u2019est des choix et calculs politiques que nous faisons\u00bb, soutient-il.<\/p>\n\n\n\n<p>D&rsquo;apr\u00e8s le ministre de l\u2019Agriculture, \u00abmaintenant que le pr\u00e9sident Macky Sall est arriv\u00e9 au terme de ses deux mandats, je pense l\u00e9gitimement pr\u00e9tendre pr\u00e9senter ma candidature, comme certains de mes coll\u00e8gues. C\u2019est une nouvelle orientation que nous devons nous donner tout simplement\u00bb. M\u00eame si Aly Ngouille Ndiaye reconna\u00eet que le choix n\u2019est pas du tout facile \u00e0 faire, il esp\u00e8re juste que les discussions qui sont en cours aboutiront \u00e0 un consensus. Il souligne dans ce sens que la meilleure chose serait que les candidats puissent s\u2019entendre entre eux.<\/p>\n\n\n\n<p>Ousmane Wade<\/p>\n\n\n\n<p>LERAL<\/p>\n","protected":false},"excerpt":{"rendered":"<p>Le pr\u00e9sident de la r\u00e9publique, Macky Sall a d\u00e9cid\u00e9 de ne pas se pr\u00e9senter \u00e0 l\u2019\u00e9lection pr\u00e9sidentielle de f\u00e9vrier 2024.<\/p>\n","protected":false},"author":1,"featured_media":12156,"comment_status":"open","ping_status":"open","sticky":false,"template":"","format":"standard","meta":{"footnotes":""},"categories":[6],"tags":[],"class_list":["post-18888","post","type-post","status-publish","format-standard","has-post-thumbnail","hentry","category-politics"],"_links":{"self":[{"href":"https:\/\/dekkbi.com\/index.php?rest_route=\/wp\/v2\/posts\/18888","targetHints":{"allow":["GET"]}}],"collection":[{"href":"https:\/\/dekkbi.com\/index.php?rest_route=\/wp\/v2\/posts"}],"about":[{"href":"https:\/\/dekkbi.com\/index.php?rest_route=\/wp\/v2\/types\/post"}],"author":[{"embeddable":true,"href":"https:\/\/dekkbi.com\/index.php?rest_route=\/wp\/v2\/users\/1"}],"replies":[{"embeddable":true,"href":"https:\/\/dekkbi.com\/index.php?rest_route=%2Fwp%2Fv2%2Fcomments&post=18888"}],"version-history":[{"count":1,"href":"https:\/\/dekkbi.com\/index.php?rest_route=\/wp\/v2\/posts\/18888\/revisions"}],"predecessor-version":[{"id":18889,"href":"https:\/\/dekkbi.com\/index.php?rest_route=\/wp\/v2\/posts\/18888\/revisions\/18889"}],"wp:featuredmedia":[{"embeddable":true,"href":"https:\/\/dekkbi.com\/index.php?rest_route=\/wp\/v2\/media\/12156"}],"wp:attachment":[{"href":"https:\/\/dekkbi.com\/index.php?rest_route=%2Fwp%2Fv2%2Fmedia&parent=18888"}],"wp:term":[{"taxonomy":"category","embeddable":true,"href":"https:\/\/dekkbi.com\/index.php?rest_route=%2Fwp%2Fv2%2Fcategories&post=18888"},{"taxonomy":"post_tag","embeddable":true,"href":"https:\/\/dekkbi.com\/index.php?rest_route=%2Fwp%2Fv2%2Ftags&post=18888"}],"curies":[{"name":"wp","href":"https:\/\/api.w.org\/{rel}","templated":true}]}}