{"id":1887,"date":"2022-10-19T12:17:33","date_gmt":"2022-10-19T12:17:33","guid":{"rendered":"https:\/\/dekkbi.com\/?p=1887"},"modified":"2022-10-19T12:17:34","modified_gmt":"2022-10-19T12:17:34","slug":"aissata-tall-sall-nous-devons-disposer-de-notre-propre-agence-de-notation","status":"publish","type":"post","link":"https:\/\/dekkbi.com\/?p=1887","title":{"rendered":"A\u00cfSSATA TALL SALL\u00a0: \u2019\u2019NOUS DEVONS DISPOSER DE NOTRE PROPRE AGENCE DE NOTATION\u2019\u2019"},"content":{"rendered":"\n<h3 class=\"wp-block-heading\"><\/h3>\n\n\n\n<p>Dakar  (APS) &#8211; L\u2019Afrique doit disposer d\u2019une agence de notation en prise directe avec la r\u00e9alit\u00e9 africaine pour mieux mesurer d\u2019\u00e9ventuels risques li\u00e9s \u00e0 l\u2019investissement, a plaid\u00e9 la ministre des Affaires \u00e9trang\u00e8res et des S\u00e9n\u00e9galais de l\u2019ext\u00e9rieur, A\u00efssata Tall Sall.<\/p>\n\n\n\n<p>\u00ab\u00a0Nous devons avoir une agence qui nous note et qui note le risque de venir investir en Afrique\u00a0\u00bb, a d\u00e9clar\u00e9 Mme&nbsp;Sall, d\u00e9plorant le fait que l\u2019Afrique soit le seul continent d\u00e9pendant d\u2019agences de notation internationales\u2019\u2019.<\/p>\n\n\n\n<p>\u00ab\u00a0Quand nous voulons emprunter sur le march\u00e9 international et lever des fonds pour financer nos politiques de d\u00e9veloppement, les cabinets internationaux qui nous notent n\u2019ont aucune prise sur la r\u00e9alit\u00e9 africaine\u00a0\u00bb, a-t-elle soulign\u00e9.<\/p>\n\n\n\n<p>A\u00efssata Tall Sall s\u2019entretenait avec des journalistes des m\u00e9dias du secteur public, dans les locaux de l\u2019Agence de presse s\u00e9n\u00e9galaise, en pr\u00e9lude au forum de Dakar sur la paix et la s\u00e9curit\u00e9 en Afrique, les 24 et 25 octobre prochains.<\/p>\n\n\n\n<p>\u00ab\u00a0Ayons une agence de notation africaine parce que ceux-l\u00e0 qui sont charg\u00e9s de noter \u00e9valuent le risque\u2019\u2019 pouvant \u00eatre li\u00e9 \u00e0 l\u2019investissement en Afrique, a-t-elle lanc\u00e9.<\/p>\n\n\n\n<p>Le huiti\u00e8me forum de Dakar sur la paix et la s\u00e9curit\u00e9 en Afrique va porter sur le th\u00e8me&nbsp;: \u00ab\u00a0L\u2019Afrique \u00e0 l\u2019\u00e9preuve des chocs exog\u00e8nes&nbsp;: d\u00e9fis de stabilit\u00e9 et de souverainet\u00e9\u00a0\u00bb.<\/p>\n\n\n\n<p>\u00ab\u00a0Cette ann\u00e9e, le forum va prendre un relief particulier dans la mesure o\u00f9 il va \u00eatre question, pour le pr\u00e9sident de R\u00e9publique (&#8230;), de reprendre pendant ce forum tous les th\u00e8mes qu\u2019il a d\u00e9velopp\u00e9s au nom de l\u2019Afrique et en sa qualit\u00e9 de pr\u00e9sident de l\u2019Union africaine\u00a0\u00bb, a dit A\u00efssata Tall Sall.<\/p>\n\n\n\n<p>\u00ab\u00a0Oui, \u00e0 coup s\u00fbr, le forum de Dakar va avoir une r\u00e9sonnance et un symbolisme particuliers\u00a0\u00bb, a-t-elle insist\u00e9, souhaitant que l\u2019Afrique ait une position commune sur les questions li\u00e9es au climat \u00e0 l\u2019occasion de la COP 27, la 27e conf\u00e9rence des Nations unies sur le climat pr\u00e9vue&nbsp;en novembre prochain \u00e0 Sharm El-Sheikh, en Egypte.<\/p>\n\n\n\n<p>AN\/BK\/ESF<\/p>\n","protected":false},"excerpt":{"rendered":"<p>Dakar (APS) &#8211; L\u2019Afrique doit disposer d\u2019une agence de notation en prise directe avec la r\u00e9alit\u00e9 africaine pour mieux mesurer<\/p>\n","protected":false},"author":1,"featured_media":1891,"comment_status":"open","ping_status":"open","sticky":false,"template":"","format":"standard","meta":{"footnotes":""},"categories":[6],"tags":[],"class_list":["post-1887","post","type-post","status-publish","format-standard","has-post-thumbnail","hentry","category-politics"],"_links":{"self":[{"href":"https:\/\/dekkbi.com\/index.php?rest_route=\/wp\/v2\/posts\/1887","targetHints":{"allow":["GET"]}}],"collection":[{"href":"https:\/\/dekkbi.com\/index.php?rest_route=\/wp\/v2\/posts"}],"about":[{"href":"https:\/\/dekkbi.com\/index.php?rest_route=\/wp\/v2\/types\/post"}],"author":[{"embeddable":true,"href":"https:\/\/dekkbi.com\/index.php?rest_route=\/wp\/v2\/users\/1"}],"replies":[{"embeddable":true,"href":"https:\/\/dekkbi.com\/index.php?rest_route=%2Fwp%2Fv2%2Fcomments&post=1887"}],"version-history":[{"count":1,"href":"https:\/\/dekkbi.com\/index.php?rest_route=\/wp\/v2\/posts\/1887\/revisions"}],"predecessor-version":[{"id":1892,"href":"https:\/\/dekkbi.com\/index.php?rest_route=\/wp\/v2\/posts\/1887\/revisions\/1892"}],"wp:featuredmedia":[{"embeddable":true,"href":"https:\/\/dekkbi.com\/index.php?rest_route=\/wp\/v2\/media\/1891"}],"wp:attachment":[{"href":"https:\/\/dekkbi.com\/index.php?rest_route=%2Fwp%2Fv2%2Fmedia&parent=1887"}],"wp:term":[{"taxonomy":"category","embeddable":true,"href":"https:\/\/dekkbi.com\/index.php?rest_route=%2Fwp%2Fv2%2Fcategories&post=1887"},{"taxonomy":"post_tag","embeddable":true,"href":"https:\/\/dekkbi.com\/index.php?rest_route=%2Fwp%2Fv2%2Ftags&post=1887"}],"curies":[{"name":"wp","href":"https:\/\/api.w.org\/{rel}","templated":true}]}}