{"id":1884,"date":"2022-10-18T16:03:28","date_gmt":"2022-10-18T16:03:28","guid":{"rendered":"https:\/\/dekkbi.com\/?p=1884"},"modified":"2022-10-18T16:03:29","modified_gmt":"2022-10-18T16:03:29","slug":"le-rappeur-kanye-west-veut-acheter-le-reseau-social-parler-prise-des-conservateurs","status":"publish","type":"post","link":"https:\/\/dekkbi.com\/?p=1884","title":{"rendered":"Le rappeur Kanye West veut acheter le r\u00e9seau social Parler, pris\u00e9 des conservateurs"},"content":{"rendered":"\n<p><\/p>\n\n\n\n<p>Le rappeur am\u00e9ricain Kanye West a fait part lundi de son intention de racheter le r\u00e9seau social Parler, particuli\u00e8rement pris\u00e9 des conservateurs aux Etats-Unis et des partisans de Donald Trump.<\/p>\n\n\n\n<p>\u00ab\u00a0Dans un monde o\u00f9 les opinions conservatrices sont jug\u00e9es controvers\u00e9es, nous devons nous assurer que nous avons le droit de nous exprimer librement\u00a0\u00bb, a d\u00e9clar\u00e9 celui qui se fait appeler Ye dans un communiqu\u00e9 publi\u00e9 par Parler.<\/p>\n\n\n\n<p>Le montant de la transaction, qui est cens\u00e9e \u00eatre conclue au cours du quatri\u00e8me trimestre 2022, n&rsquo;a pas \u00e9t\u00e9 communiqu\u00e9.<\/p>\n\n\n\n<p>Kanye West s&rsquo;est retrouv\u00e9 ces derniers jours au c\u0153ur de plusieurs pol\u00e9miques, notamment pour avoir port\u00e9 un t-shirt d\u00e9tournant le slogan antiraciste \u00ab\u00a0Black Lives Matter\u00a0\u00bb et pour avoir publi\u00e9 sur Instagram et Twitter des propos d\u00e9nonc\u00e9s comme antis\u00e9mites.<\/p>\n\n\n\n<p>Les deux plateformes ont restreint sa marge de man\u0153uvre apr\u00e8s des messages soulignant l&rsquo;influence suppos\u00e9e de la communaut\u00e9 juive.<\/p>\n\n\n\n<p>\u00ab\u00a0Ye fait un pas r\u00e9volutionnaire dans l&rsquo;espace m\u00e9diatique de la libert\u00e9 d&rsquo;expression et n&rsquo;aura plus jamais \u00e0 craindre d&rsquo;\u00eatre retir\u00e9 des r\u00e9seaux sociaux\u00a0\u00bb, a affirm\u00e9 George Farmer, le directeur g\u00e9n\u00e9ral de Parler.<\/p>\n\n\n\n<p>\u00ab\u00a0Une fois de plus, Ye prouve qu&rsquo;il a une longueur d&rsquo;avance sur le r\u00e9cit des m\u00e9dias traditionnels\u00a0\u00bb, a ajout\u00e9 M. Farmer.<\/p>\n\n\n\n<p>La d\u00e9cision du rappeur a \u00e9t\u00e9 largement salu\u00e9e ou d\u00e9cri\u00e9e sur Twitter et de nombreux internautes se sont moqu\u00e9s du d\u00e9sir de plusieurs milliardaires de poss\u00e9der leur r\u00e9seau social au nom de la libert\u00e9 d&rsquo;expression.<\/p>\n\n\n\n<p>\u00ab\u00a0On va bien s&rsquo;amuser !!\u00a0\u00bb, a d&rsquo;ailleurs r\u00e9agi Elon Musk, le patron de Tesla et SpaceX qui a voulu racheter Twitter au printemps pour 44 milliards de dollars, avant de changer d&rsquo;avis \u00e0 l&rsquo;\u00e9t\u00e9. Il doit parvenir \u00e0 un nouvel accord pour acqu\u00e9rir la plateforme d&rsquo;ici la fin du mois s&rsquo;il veut \u00e9viter un proc\u00e8s retentissant.<\/p>\n\n\n\n<p>Mais ce tweet a \u00e9t\u00e9 supprim\u00e9 quelques heures apr\u00e8s, tout comme une image qui montrait des personnages de manga avec sa photo et celle de Kanye West, hilares, baptis\u00e9s \u00ab\u00a0Twitter\u00a0\u00bb et \u00ab\u00a0Parler\u00a0\u00bb, unissant leurs forces, sous la mention \u00ab\u00a0Vous n&rsquo;avez encore rien vu\u00a0\u00bb.<\/p>\n\n\n\n<p>&#8211; \u00ab\u00a0Psychologue\u00a0\u00bb &#8211;<\/p>\n\n\n\n<p>D&rsquo;apr\u00e8s Politico, Kanye West s&rsquo;est entretenu lundi au t\u00e9l\u00e9phone avec Donald Trump et a pr\u00e9vu de d\u00eener bient\u00f4t avec lui.<\/p>\n\n\n\n<p>Le rappeur a indiqu\u00e9 \u00e0 Bloomberg qu&rsquo;il inviterait l&rsquo;homme politique \u00e0 rejoindre Parler, et qu&rsquo;il comptait lui-m\u00eame aller sur Truth Social, le r\u00e9seau social lanc\u00e9 par l&rsquo;ancien chef d&rsquo;Etat fin f\u00e9vrier.<\/p>\n\n\n\n<p>Kanye West n&rsquo;aurait pas encore d\u00e9cid\u00e9 s&rsquo;il allait compl\u00e8tement abandonner ou non les plateformes grand public.<\/p>\n\n\n\n<p>Pour lui, Parler sert de \u00ab\u00a0refuge pour les gens qui ont \u00e9t\u00e9 harcel\u00e9s par la police de la pens\u00e9e\u00a0\u00bb, a-t-il expliqu\u00e9 \u00e0 Bloomberg. \u00ab\u00a0Exprimez comment vous vous sentez, Exprimez ce qui est nou\u00e9 en vous. Exprimez ce qui vous hante. Les r\u00e9seaux sociaux me servent de psychologue\u00a0\u00bb.<\/p>\n\n\n\n<p>Lanc\u00e9 en 2018, Parler a vu sa popularit\u00e9 grimper en fl\u00e8che apr\u00e8s l&rsquo;\u00e9viction de Donald Trump de Twitter et Facebook, peu apr\u00e8s l&rsquo;attaque du Capitole le 6 janvier 2021, quand l&rsquo;ex-pr\u00e9sident am\u00e9ricain avait \u00e9t\u00e9 accus\u00e9 d&rsquo;avoir incit\u00e9 ses partisans \u00e0 la violence.<\/p>\n\n\n\n<p>Mais Apple et Google, d\u00e9plorant la multiplication des menaces de violences et d&rsquo;activit\u00e9s ill\u00e9gales sur le r\u00e9seau, l&rsquo;avaient rapidement retir\u00e9 de leurs plateformes de t\u00e9l\u00e9chargement.<\/p>\n\n\n\n<p>Amazon Web services (AWS) avait aussi d\u00e9cid\u00e9 de ne plus l&rsquo;h\u00e9berger sur ses serveurs, ostracisant de fait la plateforme.<\/p>\n\n\n\n<p>Parler est de nouveau accept\u00e9 sur l&rsquo;App Store depuis avril 2021 et sur le Google Play Store depuis septembre 2021, mais reste tr\u00e8s loin des plateformes grand public en mati\u00e8re d&rsquo;audience.<\/p>\n\n\n\n<p>Le r\u00e9seau se qualifie lui-m\u00eame de \u00ab\u00a0force motrice dans la lutte contre\u00a0\u00bb les g\u00e9ants de la tech, l&rsquo;Etat, la censure, et la \u00ab\u00a0cancel culture\u00a0\u00bb.<\/p>\n\n\n\n<p>Truth Social a pour sa part \u00e9t\u00e9 approuv\u00e9 par le Google Play Store la semaine derni\u00e8re apr\u00e8s avoir accept\u00e9 de mettre \u00e0 jour son r\u00e8glement sur le retrait des messages d&rsquo;incitation \u00e0 la violence.<\/p>\n\n\n\n<p><\/p>\n","protected":false},"excerpt":{"rendered":"<p>Le rappeur am\u00e9ricain Kanye West a fait part lundi de son intention de racheter le r\u00e9seau social Parler, particuli\u00e8rement pris\u00e9<\/p>\n","protected":false},"author":1,"featured_media":1885,"comment_status":"open","ping_status":"open","sticky":false,"template":"","format":"standard","meta":{"footnotes":""},"categories":[46],"tags":[],"class_list":["post-1884","post","type-post","status-publish","format-standard","has-post-thumbnail","hentry","category-technology"],"_links":{"self":[{"href":"https:\/\/dekkbi.com\/index.php?rest_route=\/wp\/v2\/posts\/1884","targetHints":{"allow":["GET"]}}],"collection":[{"href":"https:\/\/dekkbi.com\/index.php?rest_route=\/wp\/v2\/posts"}],"about":[{"href":"https:\/\/dekkbi.com\/index.php?rest_route=\/wp\/v2\/types\/post"}],"author":[{"embeddable":true,"href":"https:\/\/dekkbi.com\/index.php?rest_route=\/wp\/v2\/users\/1"}],"replies":[{"embeddable":true,"href":"https:\/\/dekkbi.com\/index.php?rest_route=%2Fwp%2Fv2%2Fcomments&post=1884"}],"version-history":[{"count":1,"href":"https:\/\/dekkbi.com\/index.php?rest_route=\/wp\/v2\/posts\/1884\/revisions"}],"predecessor-version":[{"id":1886,"href":"https:\/\/dekkbi.com\/index.php?rest_route=\/wp\/v2\/posts\/1884\/revisions\/1886"}],"wp:featuredmedia":[{"embeddable":true,"href":"https:\/\/dekkbi.com\/index.php?rest_route=\/wp\/v2\/media\/1885"}],"wp:attachment":[{"href":"https:\/\/dekkbi.com\/index.php?rest_route=%2Fwp%2Fv2%2Fmedia&parent=1884"}],"wp:term":[{"taxonomy":"category","embeddable":true,"href":"https:\/\/dekkbi.com\/index.php?rest_route=%2Fwp%2Fv2%2Fcategories&post=1884"},{"taxonomy":"post_tag","embeddable":true,"href":"https:\/\/dekkbi.com\/index.php?rest_route=%2Fwp%2Fv2%2Ftags&post=1884"}],"curies":[{"name":"wp","href":"https:\/\/api.w.org\/{rel}","templated":true}]}}