{"id":18803,"date":"2023-08-12T11:38:58","date_gmt":"2023-08-12T11:38:58","guid":{"rendered":"https:\/\/dekkbi.com\/?p=18803"},"modified":"2023-08-12T11:38:58","modified_gmt":"2023-08-12T11:38:58","slug":"barthelemy-dias-si-sonko-mavait-ecoute-il-ne-serait-pas-en-prison","status":"publish","type":"post","link":"https:\/\/dekkbi.com\/?p=18803","title":{"rendered":"Barth\u00e9lemy Dias : \u00abSi Sonko m\u2019avait \u00e9cout\u00e9, il ne serait pas en prison&#8230;\u00a0\u00bb"},"content":{"rendered":"\n<p>Invit\u00e9 sp\u00e9cial de Jakaarlo Bi de ce vendredi, Barth\u00e9l\u00e9my Dias s\u2019est exprim\u00e9 sur ses rapports avec Ousmane Sonko, devenus tumultueux depuis l\u2019\u00e9pisode du dialogue politique, rapporte iGFM.\u00abSi Ousmane, \u00e0 qui j\u2019ai fait un compte rendu fid\u00e8le \u00e0 1H 17 minutes du matin, le soir o\u00f9 je suis sorti de l\u2019audience avec le pr\u00e9sident Macky Sall, m\u2019avait suivi, \u00e0 l\u2019heure actuelle il ne serait pas en prison. Et Macky Sall allait partir. Et Ousmane jouerait les premiers r\u00f4les dans le pouvoir et il serait in\u00e9luctablement pr\u00e9sident de la R\u00e9publique du S\u00e9n\u00e9gal un jour\u00bb, a d\u00e9clar\u00e9 le maire de Dakar.Pour lui, Ousmane Sonko a \u00e9t\u00e9 pouss\u00e9 \u00e0 la faute par des \u00abcharognards\u00bb au sein Yewwi Askan Wi, qui n\u2019avaient d\u2019yeux que pour son \u00e9lectorat. \u00abS\u2019il m\u2019avait \u00e9cout\u00e9, il ne serait pas en prison. Et ceux qui l\u2019ont conduit en prison ne sont m\u00eame pas capables d\u2019organiser un sit-in ou une marche\u00bb, dit-il.Les confidences de Barth : \u00abSi Sonko m\u2019avait \u00e9cout\u00e9, il ne serait pas en prison et&#8230;\u00bbSelon lui, avec sa belle ascension politique, Ousmane a \u00e9t\u00e9 utile \u00e0 tout le monde sauf \u00e0 sa propre personne. Il a profit\u00e9 de l\u2019antenne pour demander \u00e0 Ousmane Sonko, d\u2019arr\u00eater la gr\u00e8ve de la faim.<\/p>\n\n\n\n<p>Nd\u00e8ye Fatou K\u00e9b\u00e9<\/p>\n\n\n\n<p>LERAL<\/p>\n","protected":false},"excerpt":{"rendered":"<p>Invit\u00e9 sp\u00e9cial de Jakaarlo Bi de ce vendredi, Barth\u00e9l\u00e9my Dias s\u2019est exprim\u00e9 sur ses rapports avec Ousmane Sonko, devenus tumultueux<\/p>\n","protected":false},"author":1,"featured_media":11761,"comment_status":"open","ping_status":"open","sticky":false,"template":"","format":"standard","meta":{"footnotes":""},"categories":[6],"tags":[],"class_list":["post-18803","post","type-post","status-publish","format-standard","has-post-thumbnail","hentry","category-politics"],"_links":{"self":[{"href":"https:\/\/dekkbi.com\/index.php?rest_route=\/wp\/v2\/posts\/18803","targetHints":{"allow":["GET"]}}],"collection":[{"href":"https:\/\/dekkbi.com\/index.php?rest_route=\/wp\/v2\/posts"}],"about":[{"href":"https:\/\/dekkbi.com\/index.php?rest_route=\/wp\/v2\/types\/post"}],"author":[{"embeddable":true,"href":"https:\/\/dekkbi.com\/index.php?rest_route=\/wp\/v2\/users\/1"}],"replies":[{"embeddable":true,"href":"https:\/\/dekkbi.com\/index.php?rest_route=%2Fwp%2Fv2%2Fcomments&post=18803"}],"version-history":[{"count":1,"href":"https:\/\/dekkbi.com\/index.php?rest_route=\/wp\/v2\/posts\/18803\/revisions"}],"predecessor-version":[{"id":18804,"href":"https:\/\/dekkbi.com\/index.php?rest_route=\/wp\/v2\/posts\/18803\/revisions\/18804"}],"wp:featuredmedia":[{"embeddable":true,"href":"https:\/\/dekkbi.com\/index.php?rest_route=\/wp\/v2\/media\/11761"}],"wp:attachment":[{"href":"https:\/\/dekkbi.com\/index.php?rest_route=%2Fwp%2Fv2%2Fmedia&parent=18803"}],"wp:term":[{"taxonomy":"category","embeddable":true,"href":"https:\/\/dekkbi.com\/index.php?rest_route=%2Fwp%2Fv2%2Fcategories&post=18803"},{"taxonomy":"post_tag","embeddable":true,"href":"https:\/\/dekkbi.com\/index.php?rest_route=%2Fwp%2Fv2%2Ftags&post=18803"}],"curies":[{"name":"wp","href":"https:\/\/api.w.org\/{rel}","templated":true}]}}