{"id":18801,"date":"2023-08-12T11:32:42","date_gmt":"2023-08-12T11:32:42","guid":{"rendered":"https:\/\/dekkbi.com\/?p=18801"},"modified":"2023-08-12T11:32:43","modified_gmt":"2023-08-12T11:32:43","slug":"approvisionnement-du-marche-en-oignon-abdou-karim-fofana-annonce-larrivee-de-14000-tonnes-entre-le-11-et-le-25-aout","status":"publish","type":"post","link":"https:\/\/dekkbi.com\/?p=18801","title":{"rendered":"Approvisionnement du march\u00e9 en oignon : Abdou Karim Fofana annonce l\u2019arriv\u00e9e de 14000 tonnes entre le 11 et le 25 ao\u00fbt"},"content":{"rendered":"\n<p>Le Ministre du Commerce, de la Consommation et des PME s\u2019est prononc\u00e9, ce vendredi 11 ao\u00fbt 2023, sur la situation du march\u00e9 s\u00e9n\u00e9galais concernant l\u2019approvisionnement en oignon. Participant \u00e0 l\u2019\u00e9mission Pencco sur la Rfm, Abdou Karim Fofana a annonc\u00e9 l\u2019arriv\u00e9e de 7000 d\u2019oignons tonnes ce vendredi 11 ao\u00fbt et 7000 de plus attendues d\u2019ici le 25 ao\u00fbt prochain, en vue de r\u00e9guler le march\u00e9. S\u2019agissant de la sp\u00e9culation sur les prix, le Ministre du Commerce dira que c\u2019est une situation cyclique, contre laquelle des mesures sont prises, qui concerne beaucoup de produits comme le sucre, le riz\u2026 \u00ab A propos du riz d\u2019ailleurs, l\u2019Inde vient de suspendre ses exportations, mais malgr\u00e9 tout, le S\u00e9n\u00e9gal arrive avoir un quota gr\u00e2ce \u00e0 ses bonnes relations diplomatiques avec ce pays \u00bb a-t-il soulign\u00e9.Sur l\u2019origine de ces tensions, Abdou Karim Fofana a fait noter que les effets des changements climatiques ont fortement impact\u00e9 les r\u00e9coltes. En Inde, par exemple, les inondations ont consid\u00e9rablement r\u00e9duit les productions, ce qui a conduit \u00e0 la suspension de l\u2019exportation.Pour ce qui est de l\u2019oignon, c\u2019est le m\u00eame cas de figure, avec des d\u00e9calages sur les rendements. C\u2019est le cas pour le Maroc et les Pays-Bas ou d\u2019habitude au mois d\u2019ao\u00fbt, les productions \u00e9taient d\u00e9j\u00e0 disponibles.<\/p>\n\n\n\n<p>LESOLEIL<\/p>\n","protected":false},"excerpt":{"rendered":"<p>Le Ministre du Commerce, de la Consommation et des PME s\u2019est prononc\u00e9, ce vendredi 11 ao\u00fbt 2023, sur la situation<\/p>\n","protected":false},"author":1,"featured_media":18515,"comment_status":"open","ping_status":"open","sticky":false,"template":"","format":"standard","meta":{"footnotes":""},"categories":[3],"tags":[],"class_list":["post-18801","post","type-post","status-publish","format-standard","has-post-thumbnail","hentry","category-event-more-news"],"_links":{"self":[{"href":"https:\/\/dekkbi.com\/index.php?rest_route=\/wp\/v2\/posts\/18801","targetHints":{"allow":["GET"]}}],"collection":[{"href":"https:\/\/dekkbi.com\/index.php?rest_route=\/wp\/v2\/posts"}],"about":[{"href":"https:\/\/dekkbi.com\/index.php?rest_route=\/wp\/v2\/types\/post"}],"author":[{"embeddable":true,"href":"https:\/\/dekkbi.com\/index.php?rest_route=\/wp\/v2\/users\/1"}],"replies":[{"embeddable":true,"href":"https:\/\/dekkbi.com\/index.php?rest_route=%2Fwp%2Fv2%2Fcomments&post=18801"}],"version-history":[{"count":1,"href":"https:\/\/dekkbi.com\/index.php?rest_route=\/wp\/v2\/posts\/18801\/revisions"}],"predecessor-version":[{"id":18802,"href":"https:\/\/dekkbi.com\/index.php?rest_route=\/wp\/v2\/posts\/18801\/revisions\/18802"}],"wp:featuredmedia":[{"embeddable":true,"href":"https:\/\/dekkbi.com\/index.php?rest_route=\/wp\/v2\/media\/18515"}],"wp:attachment":[{"href":"https:\/\/dekkbi.com\/index.php?rest_route=%2Fwp%2Fv2%2Fmedia&parent=18801"}],"wp:term":[{"taxonomy":"category","embeddable":true,"href":"https:\/\/dekkbi.com\/index.php?rest_route=%2Fwp%2Fv2%2Fcategories&post=18801"},{"taxonomy":"post_tag","embeddable":true,"href":"https:\/\/dekkbi.com\/index.php?rest_route=%2Fwp%2Fv2%2Ftags&post=18801"}],"curies":[{"name":"wp","href":"https:\/\/api.w.org\/{rel}","templated":true}]}}