{"id":18790,"date":"2023-08-12T11:13:51","date_gmt":"2023-08-12T11:13:51","guid":{"rendered":"https:\/\/dekkbi.com\/?p=18790"},"modified":"2023-08-12T11:13:52","modified_gmt":"2023-08-12T11:13:52","slug":"les-etats-unis-accusent-le-soudan-de-pressions-pour-faire-taire-la-mission-onusienne","status":"publish","type":"post","link":"https:\/\/dekkbi.com\/?p=18790","title":{"rendered":"Les \u00c9tats-Unis accusent le Soudan de pressions pour faire taire la mission onusienne"},"content":{"rendered":"\n<p>Selon l\u2019ambassadrice de Washington \u00e0 l\u2019ONU, les autorit\u00e9s soudanaises ont menac\u00e9 d\u2019expulser la mission onusienne du pays si le repr\u00e9sentant de cette mission, Volker Perthes, prenait la parole devant le Conseil de s\u00e9curit\u00e9 pour d\u00e9noncer les atrocit\u00e9s commises <\/p>\n\n\n\n<figure class=\"wp-block-image is-resized\"><img loading=\"lazy\" decoding=\"async\" src=\"https:\/\/s.rfi.fr\/media\/display\/291bdb56-e8e8-11ed-bae7-005056bf30b7\/w:980\/p:16x9\/000_33DR7TR.jpg\" alt=\"Volker Perthes, repr\u00e9sentant sp\u00e9cial du Secr\u00e9taire g\u00e9n\u00e9ral des Nations Unies pour le Soudan et chef de la Mission int\u00e9gr\u00e9e d'assistance \u00e0 la transition des Nations Unies au Soudan, supervise l'\u00e9vacuation du personnel recrut\u00e9 internationalement \u00e0 Port-Soudan le 24 avril 2023.\" style=\"width:36px;height:20px\" width=\"36\" height=\"20\"\/><\/figure>\n\n\n\n<p><em>Avec notre correspondante dans la r\u00e9gion<\/em>,&nbsp;<strong>Florence Morice<\/strong><\/p>\n\n\n\n<p>Volker Perthes \u00e9tait attendu devant le Conseil de s\u00e9curit\u00e9 mercredi pour y pr\u00e9senter son rapport sur la situation au Soudan. Mais \u00e0 la derni\u00e8re minute, sa participation a \u00e9t\u00e9 annul\u00e9e. Linda Thomas, l\u2019ambassadrice de Washington \u00e0 l\u2019ONU, accuse les autorit\u00e9s soudanaises d\u2019en \u00eatre \u00e0 l\u2019origine. Elle d\u00e9nonce une volont\u00e9 de censure et des menaces prof\u00e9r\u00e9es, selon elle, par Khartoum contre la mission des Nations unies au\u00a0Soudan\u00a0et son repr\u00e9sentant.<\/p>\n\n\n\n<p>\u00ab<em>&nbsp;Nous savons d\u00e9sormais que le gouvernement soudanais avait menac\u00e9 de mettre un terme \u00e0 la mission de l&rsquo;ONU au Soudan si le repr\u00e9sentant de cette mission participait \u00e0 cette r\u00e9union. C&rsquo;est vraiment scandaleux. Aucun pays ne devrait \u00eatre en mesure d&rsquo;imposer le silence \u00e0 un orateur et encore moins aux Nations unies<\/em>&nbsp;\u00bb, s\u2019est-elle indign\u00e9e.<\/p>\n","protected":false},"excerpt":{"rendered":"<p>Selon l\u2019ambassadrice de Washington \u00e0 l\u2019ONU, les autorit\u00e9s soudanaises ont menac\u00e9 d\u2019expulser la mission onusienne du pays si le repr\u00e9sentant<\/p>\n","protected":false},"author":1,"featured_media":0,"comment_status":"open","ping_status":"open","sticky":false,"template":"","format":"standard","meta":{"footnotes":""},"categories":[51],"tags":[],"class_list":["post-18790","post","type-post","status-publish","format-standard","hentry","category-general"],"_links":{"self":[{"href":"https:\/\/dekkbi.com\/index.php?rest_route=\/wp\/v2\/posts\/18790","targetHints":{"allow":["GET"]}}],"collection":[{"href":"https:\/\/dekkbi.com\/index.php?rest_route=\/wp\/v2\/posts"}],"about":[{"href":"https:\/\/dekkbi.com\/index.php?rest_route=\/wp\/v2\/types\/post"}],"author":[{"embeddable":true,"href":"https:\/\/dekkbi.com\/index.php?rest_route=\/wp\/v2\/users\/1"}],"replies":[{"embeddable":true,"href":"https:\/\/dekkbi.com\/index.php?rest_route=%2Fwp%2Fv2%2Fcomments&post=18790"}],"version-history":[{"count":1,"href":"https:\/\/dekkbi.com\/index.php?rest_route=\/wp\/v2\/posts\/18790\/revisions"}],"predecessor-version":[{"id":18791,"href":"https:\/\/dekkbi.com\/index.php?rest_route=\/wp\/v2\/posts\/18790\/revisions\/18791"}],"wp:attachment":[{"href":"https:\/\/dekkbi.com\/index.php?rest_route=%2Fwp%2Fv2%2Fmedia&parent=18790"}],"wp:term":[{"taxonomy":"category","embeddable":true,"href":"https:\/\/dekkbi.com\/index.php?rest_route=%2Fwp%2Fv2%2Fcategories&post=18790"},{"taxonomy":"post_tag","embeddable":true,"href":"https:\/\/dekkbi.com\/index.php?rest_route=%2Fwp%2Fv2%2Ftags&post=18790"}],"curies":[{"name":"wp","href":"https:\/\/api.w.org\/{rel}","templated":true}]}}