{"id":18775,"date":"2023-08-12T10:47:10","date_gmt":"2023-08-12T10:47:10","guid":{"rendered":"https:\/\/dekkbi.com\/?p=18775"},"modified":"2023-08-12T10:47:11","modified_gmt":"2023-08-12T10:47:11","slug":"lancement-de-la-semaine-nationale-de-letat-civil-matam-au-coeur-de-la-senec","status":"publish","type":"post","link":"https:\/\/dekkbi.com\/?p=18775","title":{"rendered":"Lancement de la semaine nationale de l\u2019\u00e9tat civil : Matam, au c\u0153ur de la SENEC"},"content":{"rendered":"\n<p> Le Ministre des Collectivit\u00e9s territoriales, de l\u2019Am\u00e9nagement et du D\u00e9veloppement des Territoires, Mamadou Talla, a proc\u00e9d\u00e9 hier vendredi, \u00e0 Matam, au lancement de  la Semaine nationale de l\u2019\u00c9tat civil (SENEC). Dans son discours, qui a fait suite \u00e0 l\u2019intervention du  Directeur g\u00e9n\u00e9ral de l\u2019Agence nationale de l\u2019Etat civil, Aliou Ousmane Sall,  le Ministre Mamadou Talla a entretenu le public de l\u2019importance de la SENEC qui est adoss\u00e9e \u00e0 la Journ\u00e9e africaine de l\u2019\u00e9tat civil c\u00e9l\u00e9br\u00e9e le 10 ao\u00fbt de chaque ann\u00e9e et institu\u00e9e par l\u2019Union africaine. En rappelant qu\u2019elle est d\u00e9di\u00e9e \u00e0 la sensibilisation du public sur l\u2019importance de rendre visible chaque Africain, partout o\u00f9 il vit, \u00e0 travers un syst\u00e8me d\u2019\u00e9tat-civil et de statistiques vitales. \u00ab Compte tenu de l\u2019importance de l\u2019\u00e9tat-civil et des statistiques vitales, la Conf\u00e9rence des chefs d\u2019\u00c9tat et de Gouvernement de l\u2019Union africaine tenue en juillet 2016, a d\u00e9clar\u00e9 la p\u00e9riode 2017-2026 D\u00e9cennie du Repositionnement de l\u2019\u00e9tat civil et des statistiques vitales en Afrique  au niveau continental, r\u00e9gional et national \u00bb, d\u00e9clare-t-il.Avant de souligner que \u00ab  le Pr\u00e9sident de la R\u00e9publique, Son Excellence M. Macky Sall nous a instruit, \u00e0 l\u2019occasion de la Journ\u00e9e nationale de la D\u00e9centralisation, d\u2019organiser \u00e0 partir de cette ann\u00e9e, la Semaine nationale de l\u2019\u00e9tat civil dans l\u2019optique de renforcer la sensibilisation du grand public sur l\u2019importance de l\u2019\u00e9tat civil \u00bb. Durant cette semaine, plusieurs activit\u00e9s se d\u00e9roulent sur notre territoire, il s\u2019agit : des rencontres populaires de sensibilisation, des sessions de formation des acteurs communautaires et des journalistes, des formations des agents, des campagnes m\u00e9diatiques et digitales\u2026Entre autres dispositions, pour \u00e9radiquer les entraves de l\u2019\u00e9tat civil confront\u00e9 \u00e0 un  manque d\u2019information et parfois de la d\u00e9sinformation  pour certaines populations. En effet, les \u00e9tudes men\u00e9es montrent une m\u00e9connaissance de l\u2019int\u00e9r\u00eat de d\u00e9clarer un fait de l\u2019\u00e9tat civil, des conditions mais surtout des proc\u00e9dures de d\u00e9claration d\u2019un \u00e9v\u00e9nement vital \u00e0 l\u2019\u00e9tat civil. A cela s\u2019ajoute un probl\u00e8me d\u2019acc\u00e8s au service pour les usagers.L\u2019acte de naissance,  premi\u00e8re reconnaissance juridique de l\u2019existence d\u2019un enfant.S\u2019adressant aux populations, le Ministre a annonc\u00e9 que l\u2019acte de naissance \u00e9tait une premi\u00e8re reconnaissance juridique de l\u2019existence d\u2019un enfant. Du fait \u00ab qu\u2019il est indispensable \u00e0 la concr\u00e9tisation d\u2019un certain nombre de droits et \u00e0 la satisfaction de besoins essentiels, comme l\u2019acc\u00e8s \u00e0 l\u2019\u00e9ducation ou \u00e0 la  sant\u00e9, \u00e0 des emplois formels, \u00e0 la citoyennet\u00e9 active qui permet de pouvoir exercer son droit de vote, \u00e0 l\u2019acc\u00e8s \u00e0 des fonctions \u00e9lectives \u00bb. Avant de relever l\u2019importance de l\u2019enregistrement des d\u00e9c\u00e8s et des mariages, il a inform\u00e9 que \u00ab lorsque les d\u00e9c\u00e8s ne sont pas comptabilis\u00e9s, les causes ne sont pas enregistr\u00e9es, on ne peut correctement pas  \u00e9laborer des politiques efficaces de sant\u00e9 publique, ni de mesurer leur impact \u00bb. Tout comme poursuit\u2013il, \u00ab la d\u00e9claration d\u2019un mariage permet \u00e9galement aux couples et \u00e0 leurs prog\u00e9nitures de b\u00e9n\u00e9ficier d\u2019un certain nombre de droits \u00bb.L\u2019acc\u00e9l\u00e9ration du processus de modernisation de l\u2019\u00e9tat civil.Au regard de l\u2019importance de l\u2019\u00e9tat civil, qui s\u2019invite comme une priorit\u00e9 nationale, sur l\u2019instruction du Chef de l\u2019Etat, Mamadou Talla a annonc\u00e9 que \u00ab des actions concr\u00e8tes sont en train d\u2019\u00eatre pos\u00e9es par mon d\u00e9partement \u00e0 travers l\u2019Agence nationale d\u2019Etat civil avec l\u2019appui des partenaires pour s\u00e9curiser et fiabiliser  l\u2019\u00e9tat civil du S\u00e9n\u00e9gal parce que l\u2019\u00e9tat civil est un domaine extr\u00eamement important pour un \u00c9tat qui se veut respectable\u00bb.Ce qui s\u2019est d\u00e9j\u00e0 traduit par : la cr\u00e9ation de la Direction de l\u2019\u00e9tat civil, le processus de digitalisation int\u00e9grale de l\u2019\u00e9tat civil, la construction, la r\u00e9habilitation et l\u2019\u00e9quipement d\u2019infrastructures et r\u00e9cemment, l\u2019\u00e9volution de la Direction de l\u2019Etat civil en Agence nationale de l\u2019\u00c9tat Civil (ANEC).Parmi ces initiatives, le Ministre des collectivit\u00e9s territoriales a cit\u00e9 le Programme Nekkal. Rappelant que ce programme a pour objectif de contribuer au respect des droits des personnes li\u00e9es \u00e0 la reconnaissance de leur identit\u00e9 par la mise en place d\u2019un Registre national de l\u2019\u00e9tat civil (RNEC).Dans le cadre de la modernisation de l\u2019\u00e9tat civil, le Ministre a annonc\u00e9 que  52 centres d\u2019\u00c9tat civil sont en cours de construction  ou r\u00e9habilitation  avec leurs \u00e9quipements. Tout comme 05 salles d\u2019archivage de Tribunaux de Grande Instance et 37 centres d\u2019Etat civil en syst\u00e8mes photovolta\u00efques en zone rurale. C\u00f4t\u00e9 logistique, ce sont 65 motos qui ont \u00e9t\u00e9 distribu\u00e9es pour faciliter la remont\u00e9e des cahiers de village et de quartier au moment o\u00f9 un vaste programme de renforcement de capacit\u00e9 a d\u00e9j\u00e0 permis la formation de 4060 acteurs d\u2019Etat civil (officiers. Agents, pr\u00e9pos\u00e9s aux archives, auxiliaires d\u2019\u00e9tat civil).La Digitalisation des syst\u00e8mes d\u2019enregistrement des faits d\u2019\u00e9tat civilRevenant sur le th\u00e8me choisi pour la Journ\u00e9e africaine de l\u2019\u00e9tat civil de cette ann\u00e9e 2023, le Ministre a dit que ce dernier qui offre \u00ab l\u2019opportunit\u00e9 d\u2019accro\u00eetre la couverture nationale et d\u2019am\u00e9liorer la qualit\u00e9 et l\u2019actualit\u00e9 des donn\u00e9es \u00bb, est en droite ligne de cette option prise par l\u2019Etat du S\u00e9n\u00e9gal de rendre accessible l\u2019\u00e9tat civil par l\u2019int\u00e9gration des nouvelles technologies. Pour noter que \u00ab parall\u00e8lement \u00e0 la num\u00e9risation, les op\u00e9rations d\u2019indexation sont en cours. Elles seront suivies par la mise en place d\u2019un Registre national de l\u2019\u00e9tat civil avec une application de gestion des faits d\u2019\u00e9tat civil, qui va centraliser l\u2019ensemble des donn\u00e9es s\u00e9curis\u00e9es de toutes les Collectivit\u00e9s territoriales et des postes consulaires \u00bb.Ce qui fait qu\u2019\u00e0 ce jour, de l\u2019avis de l\u2019autorit\u00e9, plus de 8 millions d\u2019actes ont \u00e9t\u00e9 num\u00e9ris\u00e9s par les \u00e9quipes de l\u2019ANEC qui poursuivent les op\u00e9rations \u00e0 travers le territoire national et  2 millions d\u2019actes sont d\u00e9j\u00e0 index\u00e9s.Une application de gestion des faits d\u2019\u00e9tat civil est en train d\u2019\u00eatre exp\u00e9riment\u00e9e dans 15 communes dont Touba, Saint Louis, Malicounda, Grand Yoff, Pikine ouest, Diourbel, Dakar Plateau, Yeumbeul nord\u2026En plus de l\u2019application, l\u2019ANEC a lanc\u00e9, il y a quelques jours, le processus de mise en place d\u2019une plateforme d\u2019offre de services des usagers. Cette plateforme permettra aux citoyens de pouvoir demander un acte d\u2019\u00e9tat civil sans avoir \u00e0 se d\u00e9placer.Une bouff\u00e9e d\u2019oxyg\u00e8ne pour la r\u00e9gion de Matam qui a \u00e9t\u00e9 choisie pour abriter la c\u00e9r\u00e9monie officielle de la Semaine nationale de l\u2019\u00e9tat civil car elle fait partie des r\u00e9gions \u00e0 faible taux d\u2019enregistrement \u00e0 l\u2019\u00e9tat civil. D\u2019o\u00f9 l\u2019invite du Ministre \u00e0 l\u2019endroit des populations \u00e0 travailler ensemble \u00e0 renverser cette tendance pour d\u00e9passer le taux de 74%. \u00ab J\u2019appelle \u00e0 l\u2019implication de toutes les familles d\u2019acteurs ici pr\u00e9sents : les services de l\u2019\u00e9tat, les \u00e9lus, les acteurs communautaires, les acteurs de la sant\u00e9, de l\u2019\u00e9ducation. Je voudrais qu\u2019en 2024 que ce taux puisse connaitre une nette progression \u00bb, a \u2013t-il souhait\u00e9.Avant de saluer l\u2019appui des partenaires comme l\u2019UNICEF,  le PRAPS, le PIPADHS \u00e0 c\u00f4t\u00e9 de ce vaste programme assur\u00e9 par Enabel et Civipol pour les remercier de l\u2019accompagnement permanent apport\u00e9 \u00e0 l\u2019Agence nationale de l\u2019Etat civil pour la r\u00e9ussite de l\u2019 activit\u00e9. <\/p>\n\n\n\n<p>PAPE MOCTAR NDIAYE<\/p>\n\n\n\n<p>SUDQUOTIDIEN<\/p>\n","protected":false},"excerpt":{"rendered":"<p>Le Ministre des Collectivit\u00e9s territoriales, de l\u2019Am\u00e9nagement et du D\u00e9veloppement des Territoires, Mamadou Talla, a proc\u00e9d\u00e9 hier vendredi, \u00e0 Matam,<\/p>\n","protected":false},"author":1,"featured_media":0,"comment_status":"open","ping_status":"open","sticky":false,"template":"","format":"standard","meta":{"footnotes":""},"categories":[21],"tags":[],"class_list":["post-18775","post","type-post","status-publish","format-standard","hentry","category-societe"],"_links":{"self":[{"href":"https:\/\/dekkbi.com\/index.php?rest_route=\/wp\/v2\/posts\/18775","targetHints":{"allow":["GET"]}}],"collection":[{"href":"https:\/\/dekkbi.com\/index.php?rest_route=\/wp\/v2\/posts"}],"about":[{"href":"https:\/\/dekkbi.com\/index.php?rest_route=\/wp\/v2\/types\/post"}],"author":[{"embeddable":true,"href":"https:\/\/dekkbi.com\/index.php?rest_route=\/wp\/v2\/users\/1"}],"replies":[{"embeddable":true,"href":"https:\/\/dekkbi.com\/index.php?rest_route=%2Fwp%2Fv2%2Fcomments&post=18775"}],"version-history":[{"count":1,"href":"https:\/\/dekkbi.com\/index.php?rest_route=\/wp\/v2\/posts\/18775\/revisions"}],"predecessor-version":[{"id":18777,"href":"https:\/\/dekkbi.com\/index.php?rest_route=\/wp\/v2\/posts\/18775\/revisions\/18777"}],"wp:attachment":[{"href":"https:\/\/dekkbi.com\/index.php?rest_route=%2Fwp%2Fv2%2Fmedia&parent=18775"}],"wp:term":[{"taxonomy":"category","embeddable":true,"href":"https:\/\/dekkbi.com\/index.php?rest_route=%2Fwp%2Fv2%2Fcategories&post=18775"},{"taxonomy":"post_tag","embeddable":true,"href":"https:\/\/dekkbi.com\/index.php?rest_route=%2Fwp%2Fv2%2Ftags&post=18775"}],"curies":[{"name":"wp","href":"https:\/\/api.w.org\/{rel}","templated":true}]}}