{"id":18699,"date":"2023-08-11T12:58:53","date_gmt":"2023-08-11T12:58:53","guid":{"rendered":"https:\/\/dekkbi.com\/?p=18699"},"modified":"2023-08-11T12:58:54","modified_gmt":"2023-08-11T12:58:54","slug":"france-une-deputee-pro-macron-propose-la-dissolution-du-parti-de-melenchon","status":"publish","type":"post","link":"https:\/\/dekkbi.com\/?p=18699","title":{"rendered":"France : une d\u00e9put\u00e9e pro-Macron propose la dissolution du parti de M\u00e9lenchon"},"content":{"rendered":"\n<p><strong>R\u00e9agissant aux propos de Jean-Luc M\u00e9lenchon, qui se montrait satisfait de l\u2019annonce de la dissolution de Civitas, l\u2019\u00e9lue Renaissance de Paris a critiqu\u00e9 la \u00abr\u00e9cup\u00e9ration\u00bb du leader insoumis et propos\u00e9 la \u00abdissolution\u00bb de son parti politique pour \u00ablutter contre l\u2019antis\u00e9mitisme\u00bb.<\/strong><\/p>\n\n\n\n<p>Les foudres de la gauche n\u2019ont pas tra\u00een\u00e9. La d\u00e9put\u00e9e Renaissance de Paris Caroline Yadan a \u00e9t\u00e9 vivement critiqu\u00e9e apr\u00e8s sa r\u00e9action aux propos de Jean-Luc M\u00e9lenchon, qui s\u2019est satisfait de&nbsp;la dissolution du mouvement Civitas&nbsp;annonc\u00e9e lundi par le ministre de l\u2019Int\u00e9rieur.&nbsp;\u00ab[G\u00e9rald] Darmanin donne une r\u00e9ponse claire \u00e0 l\u2019interpellation des insoumis et de la Licra,&nbsp;s\u2019est r\u00e9joui l\u2019ancien candidat \u00e0 la pr\u00e9sidentielle.&nbsp;L\u2019antis\u00e9mitisme va \u00eatre puni.\u00bb&nbsp;D\u00e9non\u00e7ant une&nbsp;\u00abmagnifique r\u00e9cup\u00e9ration\u00bb&nbsp;et une&nbsp;\u00abbelle tentative de d\u00e9douanement\u00bb&nbsp;de M\u00e9lenchon, l\u2019\u00e9lue Renaissance a \u00e9crit sur X (Twitter) :&nbsp;\u00abEt la dissolution de LFI pour lutter contre l\u2019antis\u00e9mitisme c\u2019est une id\u00e9e aussi non ?\u00bb<\/p>\n\n\n\n<p>Plusieurs d\u00e9put\u00e9s LFI ont vertement critiqu\u00e9 ses propos.&nbsp;\u00abD\u00e9truire l\u2019opposition plut\u00f4t que lui donner des droits et la combattre dans les urnes, c\u2019est la logique des r\u00e9gimes totalitaires,&nbsp;a \u00e9crit sur le r\u00e9seau social Antoine L\u00e9aument, d\u00e9put\u00e9 de l\u2019Essonne.&nbsp;Au bout de cette voie se trouve le parti unique.\u00bb \u00abVoil\u00e0 l\u2019arc des apprentis fascistes !\u00bb&nbsp;a abond\u00e9 le d\u00e9put\u00e9 de Loire-Atlantique Matthias Tavel.&nbsp;\u00abVouloir dissoudre le premier parti d\u2019opposition en France, dont le candidat a fait 22 % \u00e0 l\u2019\u00e9lection pr\u00e9sidentielle. Voil\u00e0 la conception de la d\u00e9mocratie de cette d\u00e9put\u00e9e macroniste,&nbsp;a \u00e9galement d\u00e9nonc\u00e9 la d\u00e9put\u00e9e europ\u00e9enne LFI Manon Aubry.&nbsp;O\u00f9 sont tous les d\u00e9fenseurs de la R\u00e9publique et de sa d\u00e9mocratie ?!\u00bb<\/p>\n\n\n\n<p>De son c\u00f4t\u00e9, le premier secr\u00e9taire du Parti socialiste, Olivier Faure a interpell\u00e9 le chef de file des d\u00e9put\u00e9s Renaissance, Sylvain Maillard, et la pr\u00e9sidente de l\u2019Assembl\u00e9e nationale, Ya\u00ebl Braun-Pivet,&nbsp;\u00abgarants des principes d\u00e9mocratiques\u00bb. \u00abVous ne pouvez, par votre silence, cautionner Caroline Yadan qui sugg\u00e8re la dissolution d\u2019un parti r\u00e9publicain d\u2019opposition qui compte 74 d\u00e9put\u00e9s\u00bb, a jug\u00e9 le d\u00e9put\u00e9 de Seine-et-Marne.<\/p>\n\n\n\n<p>Suppl\u00e9ante de Stanislas Gu\u00e9rini, nomm\u00e9 ministre de la Transformation et de la Fonction publiques, Caroline Yadan s\u2019est d\u00e9j\u00e0 fait remarquer en juin en s\u2019en prenant sur Twitter \u00e0 Taha Bouhafs, accus\u00e9 \u00e0 tort d\u2019avoir fait liste commune avec l\u2019id\u00e9ologue antis\u00e9mite Alain Soral. Cette liste remonte \u00e0 2009, et non \u00e0 2019 comme l\u2019affirmait la d\u00e9put\u00e9e Renaissance. Taha Bouhafs n\u2019avait que 12 ans \u00e0 l\u2019\u00e9poque,&nbsp;comme l\u2019expliquait un article de&nbsp;CheckNews, et ne pouvait donc pas figurer dans sur une liste \u00e9lectorale.<\/p>\n\n\n\n<p>Lib\u00e9ration<\/p>\n","protected":false},"excerpt":{"rendered":"<p>R\u00e9agissant aux propos de Jean-Luc M\u00e9lenchon, qui se montrait satisfait de l\u2019annonce de la dissolution de Civitas, l\u2019\u00e9lue Renaissance de<\/p>\n","protected":false},"author":1,"featured_media":18700,"comment_status":"open","ping_status":"open","sticky":false,"template":"","format":"standard","meta":{"footnotes":""},"categories":[51],"tags":[],"class_list":["post-18699","post","type-post","status-publish","format-standard","has-post-thumbnail","hentry","category-general"],"_links":{"self":[{"href":"https:\/\/dekkbi.com\/index.php?rest_route=\/wp\/v2\/posts\/18699","targetHints":{"allow":["GET"]}}],"collection":[{"href":"https:\/\/dekkbi.com\/index.php?rest_route=\/wp\/v2\/posts"}],"about":[{"href":"https:\/\/dekkbi.com\/index.php?rest_route=\/wp\/v2\/types\/post"}],"author":[{"embeddable":true,"href":"https:\/\/dekkbi.com\/index.php?rest_route=\/wp\/v2\/users\/1"}],"replies":[{"embeddable":true,"href":"https:\/\/dekkbi.com\/index.php?rest_route=%2Fwp%2Fv2%2Fcomments&post=18699"}],"version-history":[{"count":1,"href":"https:\/\/dekkbi.com\/index.php?rest_route=\/wp\/v2\/posts\/18699\/revisions"}],"predecessor-version":[{"id":18701,"href":"https:\/\/dekkbi.com\/index.php?rest_route=\/wp\/v2\/posts\/18699\/revisions\/18701"}],"wp:featuredmedia":[{"embeddable":true,"href":"https:\/\/dekkbi.com\/index.php?rest_route=\/wp\/v2\/media\/18700"}],"wp:attachment":[{"href":"https:\/\/dekkbi.com\/index.php?rest_route=%2Fwp%2Fv2%2Fmedia&parent=18699"}],"wp:term":[{"taxonomy":"category","embeddable":true,"href":"https:\/\/dekkbi.com\/index.php?rest_route=%2Fwp%2Fv2%2Fcategories&post=18699"},{"taxonomy":"post_tag","embeddable":true,"href":"https:\/\/dekkbi.com\/index.php?rest_route=%2Fwp%2Fv2%2Ftags&post=18699"}],"curies":[{"name":"wp","href":"https:\/\/api.w.org\/{rel}","templated":true}]}}