{"id":18688,"date":"2023-08-11T09:25:03","date_gmt":"2023-08-11T09:25:03","guid":{"rendered":"https:\/\/dekkbi.com\/?p=18688"},"modified":"2023-08-11T09:25:05","modified_gmt":"2023-08-11T09:25:05","slug":"mouhamadou-makhtar-cisse-reformateur-travailleur-et-post-moderne","status":"publish","type":"post","link":"https:\/\/dekkbi.com\/?p=18688","title":{"rendered":"MOUHAMADOU MAKHTAR CISS\u00c9 : R\u00e9formateur, travailleur et post-moderne"},"content":{"rendered":"\n<h3 class=\"wp-block-heading\">Hors des projecteurs de l\u2019actualit\u00e9 depuis plusieurs mois, Mouhamadou Makhtar Ciss\u00e9 est revenu dans le jeu, \u00e0 la faveur de la r\u00e9union, jeudi 3 ao\u00fbt dernier, de Benno Bokk Yakaar, au palais de la R\u00e9publique. Il a mis en avant sa casquette d\u2019Inspecteur g\u00e9n\u00e9ral d\u2019\u00c9tat, pour d\u00e9cliner toute participation au processus pour le choix du candidat de la coalition \u00e0 l\u2019\u00e9lection pr\u00e9sidentielle de 2024. Jusqu\u2019\u00e0 quand ? Retour sur le parcours de ce haut fonctionnaire de l\u2019\u00c9tat.<\/h3>\n\n\n\n<p>La rencontre devait \u00eatre comme toutes celles qui se tiennent de mani\u00e8re r\u00e9guli\u00e8re depuis 2012, autour de Macky Sall, pour discuter des affaires du pays. Sauf que cette fois-ci, l\u2019ordre du jour engageait un d\u00e9bat hautement strat\u00e9gique : la succession du quatri\u00e8me pr\u00e9sident du S\u00e9n\u00e9gal.<\/p>\n\n\n\n<p>Il \u00e9tait donc question de signer une charte et discuter du meilleur profil. Tous \u00e9taient l\u00e0. Le ma\u00eetre de c\u00e9ans, bien s\u00fbr, Moustapha Niasse aussi, les chefs des partis et tout le gotha avec, en premi\u00e8re ligne, les candidats \u00e0 la candidature. Contre toute attente, quand est venu son tour, Mouhamadou Makhtar Ciss\u00e9 a pris la parole pour indiquer qu\u2019il n\u2019\u00e9tait nullement int\u00e9ress\u00e9 par les primaires de Benno Bokk Yakaar, non sans exprimer son \u00e9tonnement de se retrouver \u00e0 une r\u00e9union sur la candidature de la coalition au pouvoir. Tout de blanc v\u00eatu, Mouhamadou Makhtar Ciss\u00e9 a rappel\u00e9 \u00e0 l&rsquo;assistance qu\u2019en sa qualit\u00e9 d\u2019Inspecteur g\u00e9n\u00e9ral d\u2019\u00c9tat, il ne saurait se \u2018\u2019m\u00ealer d\u2019affaires politiques\u2019\u2019. Le Pr\u00e9sident Macky Sall de le remercier alors pour sa posture, en rappelant les qualit\u00e9s de son ancien directeur de Cabinet, lui permettant ainsi de se retirer. Fermez le ban !<\/p>\n\n\n\n<p>Mais qui a donc convoqu\u00e9 l\u2019enfant de Dagana \u00e0 cette importante r\u00e9union ? Sans doute une autorit\u00e9 qui a jug\u00e9 que le discret haut fonctionnaire a sa place dans le casting pour la succession de Macky Sall ; que son nom n\u2019est pas incongru dans la liste des \u2018\u2019happy few\u2019\u2019 devant incarner l\u2019h\u00e9ritage des douze ans de pouvoir de la coalition, avec toutes les exigences de v\u00e9cu, de qualit\u00e9s technocratiques, de consensus autour de sa personne, de connaissance de l\u2019\u00c9tat et des r\u00e9alit\u00e9s du pays, sans compter une ouverture sur les affaires \u00e9trang\u00e8res, toutes choses qui ne seraient pas loin du pedigree de Mouhamadou Makhtar Ciss\u00e9, \u00e0 en croire l\u2019\u00e9cran radar des m\u00e9dias, o\u00f9 son nom clignote avec insistance, grossissant \u00e0 vue d\u2019\u0153il\u2026<\/p>\n\n\n\n<p><strong>Qui est cet homme de 56 ans, \u00e0 qui on ne pr\u00eatait pas d\u2019ambitions pr\u00e9sidentielles il y a quelques semaines, alors que la r\u00e9putation qu\u2019il tra\u00eene est d\u2019abord celle d\u2019un bosseur, homme de dossiers et loin des coteries ?<\/strong><\/p>\n\n\n\n<p>Makhar Ciss\u00e9, c\u2019est surtout pour les S\u00e9n\u00e9galais, le redresseur de la S\u00e9n\u00e9lec, celui qui a con\u00e7u la strat\u00e9gie pour mettre fin aux d\u00e9lestages de courant ayant exacerb\u00e9 la col\u00e8re populaire contre le r\u00e9gime de Me Wade en 2011.<\/p>\n\n\n\n<p>Il y a aussi chez lui, sans doute, l\u2019empreinte du sacerdoce \u00e9tatique, comme un besoin de servir. En passant le t\u00e9moin \u00e0 son successeur au minist\u00e8re du P\u00e9trole et des Energies, en novembre 2020, il soutenait que \u00ab&nbsp;<em>quand on est commis de l\u2019Etat, on ne peut avoir aucune autre ambition que de servir l\u2019Etat. C\u2019est cela le sens de notre engagement dans l\u2019Etat et c\u2019est comme \u00e7a que nous devons le faire. Et l\u2019Etat a un chef. Quand vous servez l\u2019Etat, vous le servez derri\u00e8re son chef. C\u2019est comme cela que je con\u00e7ois les choses.Je suis heureux de partir avec le sentiment du devoir accompli<\/em>&nbsp;\u00bb. Quand \u00ab Enqu\u00eate \u00bb l\u2019a sollicit\u00e9 pour un entretien, il a juste \u00e9voqu\u00e9, \u00ab<em>&nbsp;un esprit zen&nbsp;<\/em>\u00bb et \u00ab<em>&nbsp;le temps qui fait son \u0153uvre<\/em>&nbsp;\u00bb, en invoquant un devoir de r\u00e9serve\u2026<\/p>\n\n\n\n<p><strong>UN GRAND COMMIS DE L\u2019ETAT<\/strong><\/p>\n\n\n\n<p>Menant une vie publique contr\u00f4l\u00e9e, il est \u00e9conome de mots, imbu de Coran et fan des Lumi\u00e8res. \u00ab&nbsp;<em>Makhtar est travers\u00e9 par plusieurs courants, qui en font une personnalit\u00e9 complexe, enracin\u00e9, m\u00e9tiss\u00e9 et ouvert sur le monde. Je ne sais comment il fait pour fr\u00e9quenter \u00e0 la fois religieux, traditionnalistes, ath\u00e9es, francs-ma\u00e7ons, intellectuels, anarchistes, communistes<\/em>&nbsp;\u00bb, confie un de ses proches. Le c\u00e9r\u00e9bral et l\u2019action se disputent ans doute la personnalit\u00e9 de l\u2019ancien pensionnaire du Prytan\u00e9e militaire de Saint-Louis, Docteur en Droit et titulaire d\u2019un Master en Finances et Gestion publiques. Il affiche une humilit\u00e9 que l\u2019on peut percevoir comme une forme de d\u00e9tachement et son \u00e9loignement des mondanit\u00e9s et des lustres de la R\u00e9publique forcent cette image.<\/p>\n\n\n\n<p>Et pour beaucoup de ses amis et compagnons, \u00ab<em>&nbsp;il a le profil id\u00e9al pour briguer le scrutin des S\u00e9n\u00e9galais en f\u00e9vrier 2024<\/em>&nbsp;\u00bb. Ne soyons pas dupes, derri\u00e8re lui, bouillonnent des S\u00e9n\u00e9galais &#8211; dont certains tournent comme des lions en cage- en le poussant \u00e0 se pr\u00e9senter, et pour diverses raisons : des hommes politiques sentant qu\u2019une personnalit\u00e9 non marqu\u00e9e ferait le consensus ; des membres du patronat ; les proximit\u00e9s affectives et professionnelles ; le terroir du Walo et de nombreux moins c\u00e9l\u00e8bres ayant pratiqu\u00e9 l\u2019homme, que ce se soit dans l\u2019administration ou plus tard, quand il aoccup\u00e9 des positions dans la proximit\u00e9 du sommet de l\u2019Etat.<\/p>\n\n\n\n<p>Depuis son retour \u00e0 l\u2019Inspection g\u00e9n\u00e9rale d\u2019Etat, son propos \u00e9merge des amphith\u00e9\u00e2tres et autres salles de conf\u00e9rence, car il est r\u00e9guli\u00e8rement invit\u00e9 par des \u00e9tudiants de l\u2019Ucad de Dakar (son universit\u00e9) ou par des Instituts priv\u00e9s ayant pignon sur rue \u00e0 Dakar, pour discourir sur le management public ou l\u2019\u00e9conomie du d\u00e9veloppement, ou pour \u00e9voquer son parcours.<\/p>\n\n\n\n<p>Apr\u00e8s une enfance entre la maison familiale, le fleuve, les champs, l\u2019\u00e9cole coranique puis celle fran\u00e7aise, il quitte tr\u00e8s t\u00f4t le cercle familial. Il passe sa jeunesse entre Pout et Saint-Louis, profitant de l\u2019encadrement rigoureux de l\u2019a\u00een\u00e9 de sa famille. Il r\u00e9ussit le concours de passage au Prytan\u00e9e militaire de Saint-Louis, o\u00f9 il obtient le baccalaur\u00e9at. L\u2019encadrement familial et l\u2019\u00e9ducation de base, sont pour lui les piliers d\u2019une jeunesse forte, bien form\u00e9e et comp\u00e9titive. La Douane ne fut pas son premier amour. En v\u00e9rit\u00e9, il se destinait aux pr\u00e9toires apr\u00e8s son admission \u00e0 l\u2019examen du Barreau. Seulement, la vocation de servir restant tenace, il a renonc\u00e9 au m\u00e9tier d\u2019avocat pour se pr\u00e9senter au concours d\u2019entr\u00e9e \u00e0 l\u2019Ecole nationale d\u2019administration et de magistrature (ENA), d\u2019o\u00f9 il sortira comme Inspecteur des Douanes.<\/p>\n\n\n\n<p>C\u2019est par la P\u00eache qu\u2019il acc\u00e8de aux affaires gouvernementales, en 2000, comme Directeur de Cabinet d&rsquo;Oumar Sarr, alors ministre. Mais deux ans plus tard, en janvier 2002, il rejoint l\u2019Inspection g\u00e9n\u00e9rale d\u2019\u00c9tat, apr\u00e8s \u00eatre sorti major du concours d\u2019entr\u00e9e. Le gabelou revient dans son corps d\u2019origine comme Directeur g\u00e9n\u00e9ral, en d\u00e9cembre 2009, pour conduire la r\u00e9forme chez les tuniques vertes : Guichet unique &#8211; d\u00e9mat\u00e9rialisation des proc\u00e9dures de d\u00e9douanement avec une nouvelle version du Syst\u00e8me Gaind\u00e9 &#8211; construction du si\u00e8ge de la douane et changement des uniformes &#8211; nouveau code des douanes. Ces innovations avaient comme but de d\u00e9poussi\u00e9rer les pratiques d\u2019une administration scl\u00e9ros\u00e9e, incapable de r\u00e9pondre aux d\u00e9fis et enjeux du temps moderne.<\/p>\n\n\n\n<p>Son passage aux Douanes est couronn\u00e9 par le Prix des Nations-Unies pour la qualit\u00e9 du service public obtenu en 2012 et remis au Si\u00e8ge \u00e0 New-York. R\u00e9formateur dans l\u2019\u00e2me, il entre au gouvernement d\u2019Abdoul Mbaye comme Ministre D\u00e9l\u00e9gu\u00e9 charg\u00e9 du Budget. MMC participe alors \u00e0 l\u2019\u00e9laboration du PSE, au Groupe consultatif de Paris en F\u00e9vrier 2014, avant de devenir Ministre Directeur de Cabinet du pr\u00e9sident de la R\u00e9publique en juillet 2014. \u00ab&nbsp;<em>Soldat dans l\u2019\u00e2me&nbsp;<\/em>\u00bb selon un de ses condisciples \u00e0 l\u2019ENA, il rel\u00e8ve le d\u00e9fi de la soci\u00e9t\u00e9 nationale d\u2019\u00e9lectricit\u00e9 (Senelec) en juin 2015, comme Directeur g\u00e9n\u00e9ral de l\u2019entreprise.<\/p>\n\n\n\n<p>Mouhamadou Makhtar Ciss\u00e9 va engager le doublement de la capacit\u00e9 de production et de transport de l\u2019\u00e9lectricit\u00e9, un nouveau Syst\u00e8me d\u2019information, la promotion du Woyofal, la construction de 9 centrales solaires et d\u2019une centrale \u00e9olienne de 150 MW \u00e0 Ta\u00efba Ndiaye, pour porter la part de l\u2019\u00e9nergie renouvelable de 0 \u00e0 30%. Parall\u00e8lement, il met en place diverses r\u00e9formes, pr\u00e9parant ainsi le d\u00e9veloppement du mix \u00e9nerg\u00e9tique dans notre pays, qui ambitionne d\u2019atteindre 40% d&rsquo;\u00e9nergies renouvelables dans la production nationale d\u2019\u00e9lectricit\u00e9 d\u2019ici 2030. Mais le succ\u00e8s ne porte pas toujours chance au S\u00e9n\u00e9gal.<\/p>\n\n\n\n<p><strong>Traqu\u00e9, combattu mais toujours debout<br><\/strong><br>Tr\u00e8s rapidement, il est cibl\u00e9 et estampill\u00e9 \u00ab ambitieux \u00bb par les fameux \u00ab cercles dakarois \u00bb, alors qu\u2019il ne donne aucun gage d\u2019engagement politique. On lui met Akilee sur la table, du nom d\u2019une entreprise ayant fait affaire avec la soci\u00e9t\u00e9 publique, pour la dotation de compteurs \u00e9lectriques intelligents. Les attaques sont violentes, mais il les encaisse et se bat jusqu\u2019\u00e0 ce que la bulle se d\u00e9gonfle d\u2019elle-m\u00eame. Ce dossier pourtant, n\u2019aurait pas fait couler autant d\u2019encre et de salive si l\u2019on ne soup\u00e7onnait pas Mouhamadou Makhtar Ciss\u00e9, d\u2019avoir un agenda cach\u00e9. Quelques mois seulement avant son \u00e9viction du gouvernement, \u00e0 Diamniadio, le Pr\u00e9sident Macky Sall vantait pourtant les m\u00e9rites de Mouhamadou Makhtar Ciss\u00e9, qui, selon ses termes, apprenait \u00ab&nbsp;<em>tr\u00e8s vite<\/em>&nbsp;\u00bb. \u00ab&nbsp;<em>Trop vite<\/em>&nbsp;\u00bb, l\u00e2chera-t-il dans la m\u00eame mouvance, comme dans un lapsus\u2026r\u00e9v\u00e9lateur.<\/p>\n\n\n\n<p>Evinc\u00e9 de Senelec \u00e0 la surprise g\u00e9n\u00e9rale, alors que ses r\u00e9sultats \u00e9taient satisfaisants, il se voit confier le minist\u00e8re de l\u2019Energie et du P\u00e9trole en avril 2019. Sous son autorit\u00e9, le minist\u00e8re a mis en place les Concertations nationales sur le contenu local, le Forum des Experts s\u00e9n\u00e9galais Oil and Gas de la diaspora et l\u2019adoption du Code Gazier et des D\u00e9crets d\u2019application de la loi sur le contenu local et enfin, la finalisation des n\u00e9gociations avec la Mauritanie pour la commercialisation du gaz de GTA Financement pour l\u2019exploitation du P\u00e9trole de Sangomar avec la FID. Au moment de quitter le minist\u00e8re du P\u00e9trole, la presse ne retiendra que la formule l\u00e2ch\u00e9e \u00e0 la conclusion de son discours : \u00ab&nbsp;<em>L\u2019Etat est ingrat<\/em>&nbsp;\u00bb, interpr\u00e9t\u00e9e \u00e0 souhait.<\/p>\n\n\n\n<p>MMC quittera le Gouvernement en novembre 2020, \u00e0 la suite d\u2019un nouveau remaniement qui verra l\u2019entr\u00e9e au gouvernement des nouveaux alli\u00e9s de Rewmi et du PLD\/Suxali S\u00e9n\u00e9gal d\u2019un certain Oumar Sarr.<\/p>\n\n\n\n<p>Mouhamadou Makhtar Ciss\u00e9, titulaire d\u2019un brevet de parachutiste, a obtenu de nombreuses d\u00e9corations et distinctions au S\u00e9n\u00e9gal comme \u00e0 l\u2019\u00e9tranger. Ainsi, il a \u00e9t\u00e9 \u00e9lev\u00e9 au rang de Chevalier de l\u2019ordre du M\u00e9rite, Chevalier de l\u2019ordre du Lion, Chevalier du m\u00e9rite L\u00e9gion d\u2019honneur et la M\u00e9daille du m\u00e9rite des Douanes S\u00e9n\u00e9galaises et celle du m\u00e9rite Organisation Mondiale des Douanes. Si sa vie priv\u00e9e est une mer d\u2019huile, sans ride, il est r\u00e9put\u00e9 pour son affection du \u00ab wird \u00bb Tidiane.<\/p>\n\n\n\n<p>En effet, parmi ses casquettes, il faut aussi ajouter celle de b\u00e2tisseur de mosqu\u00e9es, puisque MMC, tr\u00e8s proche du Khalife g\u00e9n\u00e9ral des Tidianes, Serigne Babacar Sy Mansour, est pr\u00e9sident du Comit\u00e9 de pilotage de la Grande mosqu\u00e9e de Tivaouane. Depuis qu\u2019il a quitt\u00e9 le gouvernement, il consacre le plus clair de son temps entre ce chantier et ses dossiers \u00e0 l\u2019IGE. Tr\u00e8s jaloux de ses relations choisies, souvent trahi mais toujours optimiste sur la nature humaine, il reste \u00e0 coup s\u00fbr une pi\u00e8ce centrale avec laquelle il faudra assur\u00e9ment compter. 2024 ou 2029 !<\/p>\n\n\n\n<p><strong>Amadou Fall<\/strong><\/p>\n\n\n\n<p>SOURCE LERAL<\/p>\n","protected":false},"excerpt":{"rendered":"<p>Hors des projecteurs de l\u2019actualit\u00e9 depuis plusieurs mois, Mouhamadou Makhtar Ciss\u00e9 est revenu dans le jeu, \u00e0 la faveur de<\/p>\n","protected":false},"author":1,"featured_media":18689,"comment_status":"open","ping_status":"open","sticky":false,"template":"","format":"standard","meta":{"footnotes":""},"categories":[6],"tags":[],"class_list":["post-18688","post","type-post","status-publish","format-standard","has-post-thumbnail","hentry","category-politics"],"_links":{"self":[{"href":"https:\/\/dekkbi.com\/index.php?rest_route=\/wp\/v2\/posts\/18688","targetHints":{"allow":["GET"]}}],"collection":[{"href":"https:\/\/dekkbi.com\/index.php?rest_route=\/wp\/v2\/posts"}],"about":[{"href":"https:\/\/dekkbi.com\/index.php?rest_route=\/wp\/v2\/types\/post"}],"author":[{"embeddable":true,"href":"https:\/\/dekkbi.com\/index.php?rest_route=\/wp\/v2\/users\/1"}],"replies":[{"embeddable":true,"href":"https:\/\/dekkbi.com\/index.php?rest_route=%2Fwp%2Fv2%2Fcomments&post=18688"}],"version-history":[{"count":1,"href":"https:\/\/dekkbi.com\/index.php?rest_route=\/wp\/v2\/posts\/18688\/revisions"}],"predecessor-version":[{"id":18690,"href":"https:\/\/dekkbi.com\/index.php?rest_route=\/wp\/v2\/posts\/18688\/revisions\/18690"}],"wp:featuredmedia":[{"embeddable":true,"href":"https:\/\/dekkbi.com\/index.php?rest_route=\/wp\/v2\/media\/18689"}],"wp:attachment":[{"href":"https:\/\/dekkbi.com\/index.php?rest_route=%2Fwp%2Fv2%2Fmedia&parent=18688"}],"wp:term":[{"taxonomy":"category","embeddable":true,"href":"https:\/\/dekkbi.com\/index.php?rest_route=%2Fwp%2Fv2%2Fcategories&post=18688"},{"taxonomy":"post_tag","embeddable":true,"href":"https:\/\/dekkbi.com\/index.php?rest_route=%2Fwp%2Fv2%2Ftags&post=18688"}],"curies":[{"name":"wp","href":"https:\/\/api.w.org\/{rel}","templated":true}]}}