{"id":18639,"date":"2023-08-10T10:59:28","date_gmt":"2023-08-10T10:59:28","guid":{"rendered":"https:\/\/dekkbi.com\/?p=18639"},"modified":"2023-08-10T10:59:29","modified_gmt":"2023-08-10T10:59:29","slug":"283-migrants-senegalais-seront-rapatries-du-maroc-a-partir-de-jeudi-selon-une-source-diplomatique","status":"publish","type":"post","link":"https:\/\/dekkbi.com\/?p=18639","title":{"rendered":"283 migrants s\u00e9n\u00e9galais seront rapatri\u00e9s du Maroc \u00e0 partir de jeudi, selon une source diplomatique"},"content":{"rendered":"\n<p>(APS) \u2013 &nbsp;Une nouvelle op\u00e9ration de rapatriement de 283 migrants s\u00e9n\u00e9galais du Maroc d\u00e9bute jeudi avec un premier convoi de 63 compatriotes qui va partir de Dakhla au matin en direction de Rosso S\u00e9n\u00e9gal via la Mauritanie, a appris l\u2019APS de source diplomatique.<\/p>\n\n\n\n<p>Le premier convoi de migrants s\u00e9n\u00e9galais faisant partie de ceux qui \u00e9taient en instance de rapatriement depuis le d\u00e9but du mois ao\u00fbt, est attendu \u00e0 Rosso jeudi dans la soir\u00e9e, a notamment indiqu\u00e9 la m\u00eame source.<\/p>\n\n\n\n<p>Elle signale qu\u2019un deuxi\u00e8me convoi compos\u00e9 de 212 migrants va quitter Dakhla le week-end pour emprunter le m\u00eame itin\u00e9raire.<\/p>\n\n\n\n<p>Dans le m\u00eame temps, le Consul g\u00e9n\u00e9ral du S\u00e9n\u00e9gal \u00e0 Dakhla, en relation avec les autorit\u00e9s marocaines, s\u2019active dans la finalisation des proc\u00e9dures administratives permettant le rapatriement dans les meilleurs d\u00e9lais de 189 autres migrants.<\/p>\n","protected":false},"excerpt":{"rendered":"<p>(APS) \u2013 &nbsp;Une nouvelle op\u00e9ration de rapatriement de 283 migrants s\u00e9n\u00e9galais du Maroc d\u00e9bute jeudi avec un premier convoi de<\/p>\n","protected":false},"author":1,"featured_media":15872,"comment_status":"open","ping_status":"open","sticky":false,"template":"","format":"standard","meta":{"footnotes":""},"categories":[26],"tags":[],"class_list":["post-18639","post","type-post","status-publish","format-standard","has-post-thumbnail","hentry","category-fait-divers"],"_links":{"self":[{"href":"https:\/\/dekkbi.com\/index.php?rest_route=\/wp\/v2\/posts\/18639","targetHints":{"allow":["GET"]}}],"collection":[{"href":"https:\/\/dekkbi.com\/index.php?rest_route=\/wp\/v2\/posts"}],"about":[{"href":"https:\/\/dekkbi.com\/index.php?rest_route=\/wp\/v2\/types\/post"}],"author":[{"embeddable":true,"href":"https:\/\/dekkbi.com\/index.php?rest_route=\/wp\/v2\/users\/1"}],"replies":[{"embeddable":true,"href":"https:\/\/dekkbi.com\/index.php?rest_route=%2Fwp%2Fv2%2Fcomments&post=18639"}],"version-history":[{"count":1,"href":"https:\/\/dekkbi.com\/index.php?rest_route=\/wp\/v2\/posts\/18639\/revisions"}],"predecessor-version":[{"id":18640,"href":"https:\/\/dekkbi.com\/index.php?rest_route=\/wp\/v2\/posts\/18639\/revisions\/18640"}],"wp:featuredmedia":[{"embeddable":true,"href":"https:\/\/dekkbi.com\/index.php?rest_route=\/wp\/v2\/media\/15872"}],"wp:attachment":[{"href":"https:\/\/dekkbi.com\/index.php?rest_route=%2Fwp%2Fv2%2Fmedia&parent=18639"}],"wp:term":[{"taxonomy":"category","embeddable":true,"href":"https:\/\/dekkbi.com\/index.php?rest_route=%2Fwp%2Fv2%2Fcategories&post=18639"},{"taxonomy":"post_tag","embeddable":true,"href":"https:\/\/dekkbi.com\/index.php?rest_route=%2Fwp%2Fv2%2Ftags&post=18639"}],"curies":[{"name":"wp","href":"https:\/\/api.w.org\/{rel}","templated":true}]}}