{"id":1859,"date":"2022-10-18T15:40:43","date_gmt":"2022-10-18T15:40:43","guid":{"rendered":"https:\/\/dekkbi.com\/?p=1859"},"modified":"2022-10-18T15:40:45","modified_gmt":"2022-10-18T15:40:45","slug":"conseil-national-amelioration-des-enseignements-apprentissages-les-pistes-de-solution-du-sadef","status":"publish","type":"post","link":"https:\/\/dekkbi.com\/?p=1859","title":{"rendered":"Conseil national \u2013 Am\u00e9lioration des enseignements-apprentissages : Les pistes de solution du Sadef"},"content":{"rendered":"\n<p><\/p>\n\n\n\n<p><strong>Pour am\u00e9liorer les contenus des enseignements, le Sadef pr\u00e9conise la refonte du syst\u00e8me \u00e9ducatif, l\u2019introduction de langues nationales, qui s\u2019adossent \u00e0 nos cultures, l\u2019am\u00e9lioration du cadre de vie.<\/strong><\/p>\n\n\n\n<p><strong>Par Justin GOMIS \u2013&nbsp;<\/strong>Le Syndicat autonome pour le d\u00e9veloppement de l\u2019\u00e9ducation et de la formation (Sadef) a tenu ce samedi, son Conseil national syndical dont le th\u00e8me est&nbsp;: \u00abGestion des syst\u00e8mes \u00e9ducatifs. Quelles strat\u00e9gies pour relever les d\u00e9fis de la qualit\u00e9.\u00bb Mais, la premi\u00e8re contrainte est connue&nbsp;: \u00able probl\u00e8me c\u2019est le m\u00e9dium. Nous utilisons une langue \u00e9trang\u00e8re pour l\u2019\u00e9ducation de nos enfants\u00bb, pose Mbaye Sarr, Secr\u00e9taire g\u00e9n\u00e9ral du Sadef. Il pr\u00e9cise&nbsp;: \u00abNous pratiquons la langue fran\u00e7aise qui constitue en r\u00e9alit\u00e9 une barri\u00e8re linguistique pour les tout-petits, pour les apprenants. C\u2019est un handicap majeur qui ne permet pas d\u2019avoir la qualit\u00e9 dans le syst\u00e8me \u00e9ducatif.\u00bb Que faire&nbsp;? \u00abL\u2019Etat doit prendre des mesures radicales pour permettre d\u2019aller de l\u2019avant, vers un m\u00e9dium qui s\u2019adosse \u00e0 nos valeurs, \u00e0 nos traditions, \u00e0 nos cultures, pour permettre aux S\u00e9n\u00e9galais de pouvoir s\u2019\u00e9panouir librement dans le syst\u00e8me \u00e9ducatif\u00bb, r\u00e9pond Mbaye Sarr, qui promeut \u00e9videmment l\u2019utilisation des langues nationales&nbsp;? Comment rendre le syst\u00e8me \u00e9ducatif beaucoup plus performant ? Pour le Sadef, il y a le cadre de vie, comme la persistance des abris provisoires, les gr\u00e8ves cycliques, l\u2019incapacit\u00e9 de l\u2019Etat \u00e0 respecter ses engagements, le manque de r\u00e9silience du syst\u00e8me \u00e9ducatif, l\u2019absence de mat\u00e9riels de qualit\u00e9 dans les \u00e9coles, les contenus des programmes et les syst\u00e8mes d\u2019\u00e9valuation qui demandent \u00e0 \u00eatre revus, la chert\u00e9 de l\u2019\u00e9cole publique, le probl\u00e8me des acad\u00e9mies. \u00abEt malgr\u00e9 les retards, les \u00e9valuations sont les m\u00eames, regrette Mbaye Sarr. Il faut une \u00e9ducation de qualit\u00e9 qui est la pierre angulaire du d\u00e9veloppement. Mais la qualit\u00e9 reste toujours tributaire de la vision de l\u2019Etat. Jusqu\u2019\u00e0 pr\u00e9sent, nous n\u2019avons pas r\u00e9ussi \u00e0 faire de la qualit\u00e9 le moteur de notre syst\u00e8me, la qualit\u00e9 reste toujours un id\u00e9al. Comme nous sommes un syndicat de d\u00e9veloppement, nous allons mettre notre pierre \u00e0 cet \u00e9difice. Nous devons tous travailler \u00e0 avoir un syst\u00e8me \u00e9ducatif performant. \u00c7a suppose un courage politique, il va falloir apporter des ruptures.\u00bb En d\u00e9pit des r\u00e9sultats satisfaisants recens\u00e9s ces deux derni\u00e8res ann\u00e9es aux examens de fin d\u2019ann\u00e9e, la qualit\u00e9 des enseignements ne cesse pourtant de se d\u00e9t\u00e9riorer. Cette situation est aggrav\u00e9e par le d\u00e9ficit criard d\u2019enseignants et d\u2019encadreurs, c\u2019est-\u00e0-dire des inspecteurs de l\u2019\u00e9ducation et de la formation. \u00abAinsi, il faut apporter des corrections \u00e0 tous ces probl\u00e8mes pour une \u00e9ducation de qualit\u00e9 en op\u00e9rant des ruptures\u00bb, avance Mbaye Sarr.<br>Pour lui, il faut une refonte totale du syst\u00e8me \u00e9ducatif. \u00abLa plupart de nos \u00e9l\u00e8ves, de nos \u00e9tudiants \u00e9chouent dans leur cursus scolaire parce que simplement, ils sont mal orient\u00e9s. Il va falloir revoir le syst\u00e8me d\u2019orientation, il faut aussi avoir un syst\u00e8me de formation professionnelle pour que tr\u00e8s t\u00f4t l\u2019on puisse diversifier l\u2019offre de formation dans notre pays. Et de ce point de vue, nous pensons que l\u2019Etat doit op\u00e9rer ce changement-l\u00e0. Parce que la qualit\u00e9 repose d\u2019abord et avant tout sur une vision. Et cette vision est politique. C\u2019est l\u2019Etat qui doit clairement d\u00e9gager cette vision, op\u00e9rer le paradigme et maintenant faire en sorte que nous puissions nous adosser \u00e0 nos valeurs pour avoir un syst\u00e8me \u00e9ducatif performant\u00bb, poursuit le Sg du Sadef.<\/p>\n\n\n\n<p>Par ailleurs, le Sadef demande aux autorit\u00e9s d\u2019organiser les \u00e9lections de repr\u00e9sentativit\u00e9 syndicale. \u00abLe mandat, qui \u00e9tait destin\u00e9 aux gens dits repr\u00e9sentatifs, a pris fin depuis le 26 avril dernier. Nous sommes d\u2019ores et d\u00e9j\u00e0 pr\u00eats\u00bb, assure le Secr\u00e9taire g\u00e9n\u00e9ral du Sadef, qui ne faisait pas partie du G7. C\u2019est-\u00e0-dire les 7 syndicats du syst\u00e8me \u00e9ducatif les plus repr\u00e9sentatifs, qui \u00e9taient admis \u00e0 la table des n\u00e9gociations avec le gouvernement.<br><strong>justin@lequotidien.sn<\/strong><\/p>\n\n\n\n<p><\/p>\n\n\n\n<p>LEQUOTIDIEN<\/p>\n","protected":false},"excerpt":{"rendered":"<p>Pour am\u00e9liorer les contenus des enseignements, le Sadef pr\u00e9conise la refonte du syst\u00e8me \u00e9ducatif, l\u2019introduction de langues nationales, qui s\u2019adossent<\/p>\n","protected":false},"author":1,"featured_media":1860,"comment_status":"open","ping_status":"open","sticky":false,"template":"","format":"standard","meta":{"footnotes":""},"categories":[21],"tags":[],"class_list":["post-1859","post","type-post","status-publish","format-standard","has-post-thumbnail","hentry","category-societe"],"_links":{"self":[{"href":"https:\/\/dekkbi.com\/index.php?rest_route=\/wp\/v2\/posts\/1859","targetHints":{"allow":["GET"]}}],"collection":[{"href":"https:\/\/dekkbi.com\/index.php?rest_route=\/wp\/v2\/posts"}],"about":[{"href":"https:\/\/dekkbi.com\/index.php?rest_route=\/wp\/v2\/types\/post"}],"author":[{"embeddable":true,"href":"https:\/\/dekkbi.com\/index.php?rest_route=\/wp\/v2\/users\/1"}],"replies":[{"embeddable":true,"href":"https:\/\/dekkbi.com\/index.php?rest_route=%2Fwp%2Fv2%2Fcomments&post=1859"}],"version-history":[{"count":1,"href":"https:\/\/dekkbi.com\/index.php?rest_route=\/wp\/v2\/posts\/1859\/revisions"}],"predecessor-version":[{"id":1861,"href":"https:\/\/dekkbi.com\/index.php?rest_route=\/wp\/v2\/posts\/1859\/revisions\/1861"}],"wp:featuredmedia":[{"embeddable":true,"href":"https:\/\/dekkbi.com\/index.php?rest_route=\/wp\/v2\/media\/1860"}],"wp:attachment":[{"href":"https:\/\/dekkbi.com\/index.php?rest_route=%2Fwp%2Fv2%2Fmedia&parent=1859"}],"wp:term":[{"taxonomy":"category","embeddable":true,"href":"https:\/\/dekkbi.com\/index.php?rest_route=%2Fwp%2Fv2%2Fcategories&post=1859"},{"taxonomy":"post_tag","embeddable":true,"href":"https:\/\/dekkbi.com\/index.php?rest_route=%2Fwp%2Fv2%2Ftags&post=1859"}],"curies":[{"name":"wp","href":"https:\/\/api.w.org\/{rel}","templated":true}]}}