{"id":18586,"date":"2023-08-09T13:25:59","date_gmt":"2023-08-09T13:25:59","guid":{"rendered":"https:\/\/dekkbi.com\/?p=18586"},"modified":"2023-08-09T13:26:00","modified_gmt":"2023-08-09T13:26:00","slug":"magal-de-touba-6-500-policiers-et-gendarmes-seront-deployes","status":"publish","type":"post","link":"https:\/\/dekkbi.com\/?p=18586","title":{"rendered":"Magal de Touba : 6 500 policiers et gendarmes seront d\u00e9ploy\u00e9s"},"content":{"rendered":"\n<p>La police et la gendarmerie vont d\u00e9ployer 6 500 \u00e9l\u00e9ments \u00e0 Touba (centre) pour assurer la s\u00e9curit\u00e9 des personnes et des biens lors de la 129 \u00e8me \u00e9dition du grand Magal, \u00e9v\u00e8nement phare c\u00e9l\u00e9brant le d\u00e9part en exil du fondateur du Mouridisme Cheikh Ahmadou Bamba (1853-1927), a appris l\u2019APS de source s\u00e9curitaire.<br>\u00ab On a pris toutes les dispositions pour un bon d\u00e9roulement du Magal. Cette ann\u00e9e, 2 500 gendarmes seront d\u00e9ploy\u00e9s \u00e0 Touba cette ann\u00e9e. Les effectifs seront sur place cinq jours avant\u2019\u2019, a d\u00e9clar\u00e9 le Lieutenant-Colonel Alioune Diop, commandant de la L\u00e9sion de gendarmerie de Thi\u00e8s qui couvre \u00e9galement la r\u00e9gion de Diourbel.<br>Il s\u2019exprimait mardi au cours de la r\u00e9union nationale consacr\u00e9e aux pr\u00e9paratifs du grand Magal de Touba en pr\u00e9sence du ministre de l\u2019Int\u00e9rieur Antoine F\u00e9lix Abdoulaye Diome et du porte-parole du Khalife g\u00e9n\u00e9ral des Mourides Serigne Bassirou Abdoul Khadre Mback\u00e9. L\u2019\u00e9v\u00e8nement est pr\u00e9vu le 4 septembre.<br>Au cours de la rencontre, la police nationale a promis de porter \u00e0 4 000 son effectif contre 3 754 \u00e9l\u00e9ments en 2022. soit un cumul de 6 500 \u00e9l\u00e9ments des forces de d\u00e9fense et de s\u00e9curit\u00e9.<br>Outre les \u00e9l\u00e9ments humains d\u00e9ploy\u00e9s, la gendarmerie va mettre \u00e0 la disposition du comit\u00e9 d\u2019organisation 50 motocyclistes et 3 avions ultra-l\u00e9gers motoris\u00e9s (ULM) qui peuvent donner des images sur d\u2019\u00e9ventuels embouteillages pour une prise en charge rapide.<br>Elle pr\u00e9voit \u00e9galement la mise en place de 1 000 barri\u00e8res pour un meilleur d\u00e9roulement des op\u00e9rations de s\u00e9curisation sur les axes routiers menant \u00e0 la cit\u00e9 religieuse.<\/p>\n\n\n\n<p>Source &#8211; seneweb<\/p>\n","protected":false},"excerpt":{"rendered":"<p>La police et la gendarmerie vont d\u00e9ployer 6 500 \u00e9l\u00e9ments \u00e0 Touba (centre) pour assurer la s\u00e9curit\u00e9 des personnes et<\/p>\n","protected":false},"author":1,"featured_media":18587,"comment_status":"open","ping_status":"open","sticky":false,"template":"","format":"standard","meta":{"footnotes":""},"categories":[21],"tags":[],"class_list":["post-18586","post","type-post","status-publish","format-standard","has-post-thumbnail","hentry","category-societe"],"_links":{"self":[{"href":"https:\/\/dekkbi.com\/index.php?rest_route=\/wp\/v2\/posts\/18586","targetHints":{"allow":["GET"]}}],"collection":[{"href":"https:\/\/dekkbi.com\/index.php?rest_route=\/wp\/v2\/posts"}],"about":[{"href":"https:\/\/dekkbi.com\/index.php?rest_route=\/wp\/v2\/types\/post"}],"author":[{"embeddable":true,"href":"https:\/\/dekkbi.com\/index.php?rest_route=\/wp\/v2\/users\/1"}],"replies":[{"embeddable":true,"href":"https:\/\/dekkbi.com\/index.php?rest_route=%2Fwp%2Fv2%2Fcomments&post=18586"}],"version-history":[{"count":1,"href":"https:\/\/dekkbi.com\/index.php?rest_route=\/wp\/v2\/posts\/18586\/revisions"}],"predecessor-version":[{"id":18588,"href":"https:\/\/dekkbi.com\/index.php?rest_route=\/wp\/v2\/posts\/18586\/revisions\/18588"}],"wp:featuredmedia":[{"embeddable":true,"href":"https:\/\/dekkbi.com\/index.php?rest_route=\/wp\/v2\/media\/18587"}],"wp:attachment":[{"href":"https:\/\/dekkbi.com\/index.php?rest_route=%2Fwp%2Fv2%2Fmedia&parent=18586"}],"wp:term":[{"taxonomy":"category","embeddable":true,"href":"https:\/\/dekkbi.com\/index.php?rest_route=%2Fwp%2Fv2%2Fcategories&post=18586"},{"taxonomy":"post_tag","embeddable":true,"href":"https:\/\/dekkbi.com\/index.php?rest_route=%2Fwp%2Fv2%2Ftags&post=18586"}],"curies":[{"name":"wp","href":"https:\/\/api.w.org\/{rel}","templated":true}]}}