{"id":18506,"date":"2023-08-09T09:53:51","date_gmt":"2023-08-09T09:53:51","guid":{"rendered":"https:\/\/dekkbi.com\/?p=18506"},"modified":"2023-08-09T09:55:52","modified_gmt":"2023-08-09T09:55:52","slug":"le-ministre-de-linterieur-a-preside-la-reunion-nationale-consacree-aux-preparatifs-du-magal-de-touba","status":"publish","type":"post","link":"https:\/\/dekkbi.com\/?p=18506","title":{"rendered":"Le ministre de l\u2019Int\u00e9rieur a pr\u00e9sid\u00e9 la r\u00e9union nationale consacr\u00e9e aux pr\u00e9paratifs du Magal de Touba"},"content":{"rendered":"\n<p>La rencontre s\u2019est d\u00e9roul\u00e9e au minist\u00e8re de l\u2019Int\u00e9rieur en pr\u00e9sence de dignitaires de la confr\u00e9rie mouride dont le porte-parole du Khalife g\u00e9n\u00e9ral, Serigne Bassirou Abdoul Khadre Mback\u00e9.<\/p>\n\n\n\n<p>Etaient \u00e9galement pr\u00e9sents le gouverneur de la r\u00e9gion de Diourbel, des chefs de services.<\/p>\n\n\n\n<p>Diff\u00e9rents aspects concernant la s\u00e9curit\u00e9, l\u2019approvisionnement en eau, en denr\u00e9es alimentaires, l\u2019assainissement, les t\u00e9l\u00e9communications, la fourniture en \u00e9lectricit\u00e9, etc, ont \u00e9t\u00e9 abord\u00e9s au cours de la r\u00e9union.<\/p>\n\n\n\n<p>Les chefs de services ont expos\u00e9 les dispositions qui ont \u00e9t\u00e9 prises pour assurer un bon d\u00e9roulement du magal, l\u2019\u00e9v\u00e8nement religieux comm\u00e9morant le d\u00e9part en exil du fondateur du mouridisme, Cheikh Ahmadou Bamba Mback\u00e9.<\/p>\n\n\n<div class=\"wp-block-image\">\n<figure class=\"aligncenter\"><img decoding=\"async\" src=\"https:\/\/aps.sn\/wp-content\/uploads\/2023\/08\/WhatsApp-Image-2023-08-09-at-12.23.46-AM-large.jpeg\" alt=\"\" class=\"wp-image-35856\"\/><\/figure>\n<\/div>\n\n\n<p>FD\/OID<\/p>\n\n\n\n<p>APS<a href=\"http:\/\/www.facebook.com\/sharer.php?u=https:\/\/aps.sn\/le-ministre-de-linterieur-a-preside-la-reunion-nationale-consacree-aux-preparatifs-du-magal-de-touba\/\"><\/a><\/p>\n","protected":false},"excerpt":{"rendered":"<p>La rencontre s\u2019est d\u00e9roul\u00e9e au minist\u00e8re de l\u2019Int\u00e9rieur en pr\u00e9sence de dignitaires de la confr\u00e9rie mouride dont le porte-parole du<\/p>\n","protected":false},"author":1,"featured_media":18510,"comment_status":"open","ping_status":"open","sticky":false,"template":"","format":"standard","meta":{"footnotes":""},"categories":[6],"tags":[],"class_list":["post-18506","post","type-post","status-publish","format-standard","has-post-thumbnail","hentry","category-politics"],"_links":{"self":[{"href":"https:\/\/dekkbi.com\/index.php?rest_route=\/wp\/v2\/posts\/18506","targetHints":{"allow":["GET"]}}],"collection":[{"href":"https:\/\/dekkbi.com\/index.php?rest_route=\/wp\/v2\/posts"}],"about":[{"href":"https:\/\/dekkbi.com\/index.php?rest_route=\/wp\/v2\/types\/post"}],"author":[{"embeddable":true,"href":"https:\/\/dekkbi.com\/index.php?rest_route=\/wp\/v2\/users\/1"}],"replies":[{"embeddable":true,"href":"https:\/\/dekkbi.com\/index.php?rest_route=%2Fwp%2Fv2%2Fcomments&post=18506"}],"version-history":[{"count":1,"href":"https:\/\/dekkbi.com\/index.php?rest_route=\/wp\/v2\/posts\/18506\/revisions"}],"predecessor-version":[{"id":18508,"href":"https:\/\/dekkbi.com\/index.php?rest_route=\/wp\/v2\/posts\/18506\/revisions\/18508"}],"wp:featuredmedia":[{"embeddable":true,"href":"https:\/\/dekkbi.com\/index.php?rest_route=\/wp\/v2\/media\/18510"}],"wp:attachment":[{"href":"https:\/\/dekkbi.com\/index.php?rest_route=%2Fwp%2Fv2%2Fmedia&parent=18506"}],"wp:term":[{"taxonomy":"category","embeddable":true,"href":"https:\/\/dekkbi.com\/index.php?rest_route=%2Fwp%2Fv2%2Fcategories&post=18506"},{"taxonomy":"post_tag","embeddable":true,"href":"https:\/\/dekkbi.com\/index.php?rest_route=%2Fwp%2Fv2%2Ftags&post=18506"}],"curies":[{"name":"wp","href":"https:\/\/api.w.org\/{rel}","templated":true}]}}