{"id":18503,"date":"2023-08-09T09:49:50","date_gmt":"2023-08-09T09:49:50","guid":{"rendered":"https:\/\/dekkbi.com\/?p=18503"},"modified":"2023-08-09T09:49:51","modified_gmt":"2023-08-09T09:49:51","slug":"niger-malgre-le-refus-de-la-junte-daccueillir-sa-delegation-la-cedeao-poursuit-les-negociations","status":"publish","type":"post","link":"https:\/\/dekkbi.com\/?p=18503","title":{"rendered":"Niger: malgr\u00e9 le refus de la junte d\u2019accueillir sa d\u00e9l\u00e9gation, la CEDEAO poursuit les n\u00e9gociations"},"content":{"rendered":"\n<p>La junte nig\u00e9rienne a refus\u00e9 de recevoir mardi 8 ao\u00fbt \u00e0 Niamey la d\u00e9l\u00e9gation tripartite compos\u00e9e de repr\u00e9sentants de l\u2019ONU, de l\u2019Union africaine et de la Communaut\u00e9 \u00e9conomique des \u00c9tats d\u2019Afrique de l\u2019Ouest (C\u00e9d\u00e9ao). Alors que l\u2019organisation sous-r\u00e9gionale organise un nouveau sommet \u00e0 Abuja, ses chefs d\u2019\u00c9tat insistent vouloir privil\u00e9gier les n\u00e9gociations malgr\u00e9 la fin d\u2019un ultimatum dimanche soir et la menace d\u2019une intervention militaire.<\/p>\n\n\n\n<p>Dans un bref communiqu\u00e9, la C\u00e9d\u00e9ao \u00ab\u00a0<em>prend acte<\/em>\u00a0\u00bb du\u00a0<strong>refus de la junte de Niamey de recevoir les envoy\u00e9s<\/strong>\u00a0de la tro\u00efka UA-C\u00e9d\u00e9ao-ONU. En vue d\u2019assurer le retour \u00e0 l\u2019ordre Constitutionnel l\u2019organisation sous r\u00e9gionale continuera \u00ab\u00a0<em>\u00e0 d\u00e9ployer toutes les dispositions n\u00e9cessaire<\/em>\u00a0\u00bb, poursuit le m\u00eame communiqu\u00e9.<\/p>\n\n\n\n<p>\u00c0 24 heures d\u2019un nouveau sommet des chefs d\u2019\u00c9tat de la C\u00e9d\u00e9ao sur le dossier nig\u00e9rien, jeudi 10 ao\u00fbt \u00e0 Abuja, certains ne cachent pas leur m\u00e9contentement, rapporte notre correspondant r\u00e9gional,&nbsp;<strong>Serge Daniel<\/strong>. \u00ab&nbsp;<em>L\u2019attitude de la junte est une d\u00e9fiance, nous en tirerons les cons\u00e9quences<\/em>&nbsp;\u00bb, constate un ministre des Affaires \u00e9trang\u00e8res. Ce qui a fortement d\u00e9plu, c\u2019est surtout \u00ab&nbsp;<em>la mani\u00e8re cavali\u00e8re<\/em>&nbsp;\u00bb d\u2019annoncer le refus, poursuit le m\u00eame responsable&nbsp;: le courrier du Niger est arriv\u00e9 \u00e0 une heure tr\u00e8s tardive dans la nuit \u00e0 ses destinataires.<\/p>\n\n\n\n<p>Un autre diplomate africain de son c\u00f4t\u00e9 estime que la situation d\u00e9passe le seul cadre de l\u2019organisation sous-r\u00e9gionale.<\/p>\n\n\n\n<p>D\u2019apr\u00e8s les informations de RFI, la C\u00e9d\u00e9ao a convi\u00e9 des personnalit\u00e9s \u00e9trang\u00e8res \u00e0 son sommet de jeudi, dont Emanuela Del Re, la Repr\u00e9sentante Sp\u00e9ciale de l\u2019Union Europ\u00e9enne au Sahel.<\/p>\n\n\n\n<h2 class=\"wp-block-heading\">La C\u00e9d\u00e9ao met de l\u2019eau dans son vin et vise la diplomatie malgr\u00e9 l\u2019ultimatum<\/h2>\n\n\n\n<p>Alors que la C\u00e9d\u00e9ao avait gard\u00e9 le silence depuis l\u2019expiration de son ultimatum dimanche soir, le pr\u00e9sident du Nigeria et \u00e0 la t\u00eate de l\u2019organisation\u00a0<strong>Bola Tinubu<\/strong>\u00a0a r\u00e9affirm\u00e9 que\u00a0<strong>la diplomatie reste la \u00ab\u00a0<em>meilleure voie<\/em>\u00a0\u00bb<\/strong>\u00a0face \u00e0 la crise, m\u00eame s\u2019il n\u2019a toujours pas exclu une intervention militaire.<\/p>\n\n\n\n<p>Lui et les dirigeants des autres pays de la C\u00e9d\u00e9ao \u00ab&nbsp;<em>pr\u00e9f\u00e9reraient une r\u00e9solution obtenue par des moyens diplomatiques, par des moyens pacifiques, plut\u00f4t que tout autre<\/em>&nbsp;\u00bb, a ajout\u00e9 le porte-parole de Bola Tinubu, Ajuri Ngelale, pr\u00e9cisant que cette position serait maintenue \u00ab&nbsp;<em>en attendant toute autre r\u00e9solution qui pourrait ou non r\u00e9sulter du sommet extraordinaire de la C\u00e9d\u00e9ao pr\u00e9vu jeudi<\/em>&nbsp;\u00bb. \u00ab&nbsp;<em>Nous nous attendons \u00e0 ce que d&rsquo;importantes d\u00e9cisions soient prises<\/em>&nbsp;\u00bb lors de ce sommet, a ajout\u00e9 le porte-parole, sans donner plus de pr\u00e9cisions.<\/p>\n\n\n\n<p>\u00ab\u00a0<em>Aucune option n&rsquo;a \u00e9t\u00e9 \u00e9cart\u00e9e par la C\u00e9d\u00e9ao\u00a0<\/em>\u00bb, a toutefois pr\u00e9cis\u00e9 le porte-parole. \u00ab\u00a0<em>Chaque vie humaine compte, et cela signifie que chaque d\u00e9cision prise par le bloc\u00a0<\/em>(ouest-africain)<em>\u00a0le sera en tenant compte de la paix, de la stabilit\u00e9 et du d\u00e9veloppement non seulement de la sous-r\u00e9gion, mais aussi du continent africain<\/em>\u00a0\u00bb, a-t-il dit.<\/p>\n\n\n\n<p>Bola Tinubu tente de faire la part entre la C\u00e9d\u00e9ao et la pr\u00e9sidence du Nigeria<\/p>\n\n\n\n<p>Lors d&rsquo;un point presse au sein des bureaux de la pr\u00e9sidence, Abuja a notamment voulu calmer les esprits. Car de nombreuses voix s&rsquo;\u00e9l\u00e8vent au Nigeria pour condamner l&rsquo;id\u00e9e d&rsquo;une possible intervention militaire conjointe au Niger et le pr\u00e9sident nig\u00e9rian doit jongler entre ses deux casquettes pour faire face \u00e0 un dilemme&nbsp;: s\u2019il hausse le ton face \u00e0 la junte, il peut risquer de mettre en p\u00e9ril l\u2019unit\u00e9 de son pays, mais il doit \u00e9galement composer avec la fermet\u00e9 demand\u00e9e par les autres membres de la C\u00e9d\u00e9ao.<\/p>\n\n\n\n<p>La partition est serr\u00e9e pour le pr\u00e9sident Bola Tinubu, qui doit jongler entre sa casquette de chef de l&rsquo;\u00e9tat du Nigeria et celle de patron de la C\u00e9d\u00e9ao, rapporte notre envoy\u00e9e sp\u00e9ciale \u00e0 Abuja,&nbsp;<strong>Liza Fabbian<\/strong>. Son porte-parole a fait la distinction lors de son premier point presse&nbsp;: \u00ab&nbsp;<em>La position des chefs de l&rsquo;\u00e9tat membres de la C\u00e9d\u00e9ao est une position r\u00e9gionale, pas une position nationale<\/em>&nbsp;\u00bb<\/p>\n\n\n\n<p>Sur la cha\u00eene Al-Jazeera, Ajuri Ngelale a voulu montrer que la C\u00e9d\u00e9ao maintient la pression sur le Niger malgr\u00e9 la fin de son ultimatum sans donner de r\u00e9elles pr\u00e9cisions&nbsp;: \u00ab&nbsp;<em>Le pr\u00e9sident en exercice de la C\u00e9d\u00e9ao Bola Ahmed Tinubu a publi\u00e9 une nouvelle s\u00e9rie de sanctions, qui seront appliqu\u00e9es par la Banque centrale du Nigeria, et viseront des entit\u00e9s et des individus associ\u00e9s avec la junte militaire au Niger.<\/em>&nbsp;\u00bb<\/p>\n\n\n\n<p>Interrog\u00e9 sur les pr\u00e9c\u00e9dents coups d&rsquo;\u00c9tat qui ont \u00e9branl\u00e9 la C\u00e9d\u00e9ao, le porte-parole de Bola Tinubu a promis que son patron serait plus ferme que ses pr\u00e9d\u00e9cesseurs\u00a0: \u00ab\u00a0<em>De nouveaux leaders sont arriv\u00e9s au pouvoir, et les r\u00e9actions sont donc diff\u00e9rentes. Nous avons beaucoup de leviers pour atteindre nos objectifs. Que cela arrive aujourd&rsquo;hui, ou la semaine prochaine, ou le mois prochain, nous verrons bien. Cela ne se limite pas \u00e0 une intervention militaire, m\u00eame si la possibilit\u00e9 d&rsquo;une intervention militaire n&rsquo;a pas \u00e9t\u00e9 et ne sera certainement pas mise de c\u00f4t\u00e9.<\/em>\u00a0\u00bb<\/p>\n\n\n\n<h2 class=\"wp-block-heading\">Des risques pour l\u2019unit\u00e9 du Nigeria en cas d\u2019intervention arm\u00e9e<\/h2>\n\n\n\n<p>Au Nigeria, s\u00e9nateurs, chefs religieux et membres de l&rsquo;opposition se sont massivement exprim\u00e9s contre une telle option. Tout juste \u00e9lu, Bola Ahmed Tinubu est d\u00e9j\u00e0 confront\u00e9 \u00e0 une crise r\u00e9gionale qui pourrait mettre en p\u00e9ril la fragile unit\u00e9 du Nigeria<strong>.<\/strong><\/p>\n\n\n\n<p>\u00ab<em>&nbsp;Le mandat de la C\u00e9d\u00e9ao et son ultimatum ne sont pas un ultimatum nig\u00e9rian ou un mandat nig\u00e9rian. Et le bureau de son excellence, le pr\u00e9sident Bola Ahmed Tinubu, veut vraiment insister sur ce point<\/em>&nbsp;\u00bb, a-t-il poursuivi.<\/p>\n\n\n\n<p>Pour Ajuri Ngelale, il \u00e9tait donc crucial d&rsquo;apaiser les esprits, car des responsables s&rsquo;inqui\u00e8tent de sanctions qui paralysent d\u00e9j\u00e0 une bonne partie des activit\u00e9s \u00e9conomiques dans les \u00e9tats voisins du Niger&nbsp;: \u00ab&nbsp;<em>Ce seront des facteurs r\u00e9gionaux et non pas des facteurs nationaux qui d\u00e9cideront de l&rsquo;issue finale. Mais la r\u00e9ponse de la C\u00e9d\u00e9ao au coup d&rsquo;\u00c9tat au Niger, a \u00e9t\u00e9 et sera toujours d\u00e9nu\u00e9e de toute consid\u00e9ration ethnique ou religieuse.<\/em>&nbsp;\u00bb Le porte-parole a ainsi fait r\u00e9f\u00e9rence au fait que, dans les r\u00e9gions frontali\u00e8res avec le Niger, la population est majoritaire issue de l&rsquo;ethnie Hausa, alors que le pr\u00e9sident Bola Tinubu est lui-m\u00eame un Yoruba, du sud du Nigeria.<\/p>\n","protected":false},"excerpt":{"rendered":"<p>La junte nig\u00e9rienne a refus\u00e9 de recevoir mardi 8 ao\u00fbt \u00e0 Niamey la d\u00e9l\u00e9gation tripartite compos\u00e9e de repr\u00e9sentants de l\u2019ONU,<\/p>\n","protected":false},"author":1,"featured_media":18504,"comment_status":"open","ping_status":"open","sticky":false,"template":"","format":"standard","meta":{"footnotes":""},"categories":[6],"tags":[],"class_list":["post-18503","post","type-post","status-publish","format-standard","has-post-thumbnail","hentry","category-politics"],"_links":{"self":[{"href":"https:\/\/dekkbi.com\/index.php?rest_route=\/wp\/v2\/posts\/18503","targetHints":{"allow":["GET"]}}],"collection":[{"href":"https:\/\/dekkbi.com\/index.php?rest_route=\/wp\/v2\/posts"}],"about":[{"href":"https:\/\/dekkbi.com\/index.php?rest_route=\/wp\/v2\/types\/post"}],"author":[{"embeddable":true,"href":"https:\/\/dekkbi.com\/index.php?rest_route=\/wp\/v2\/users\/1"}],"replies":[{"embeddable":true,"href":"https:\/\/dekkbi.com\/index.php?rest_route=%2Fwp%2Fv2%2Fcomments&post=18503"}],"version-history":[{"count":1,"href":"https:\/\/dekkbi.com\/index.php?rest_route=\/wp\/v2\/posts\/18503\/revisions"}],"predecessor-version":[{"id":18505,"href":"https:\/\/dekkbi.com\/index.php?rest_route=\/wp\/v2\/posts\/18503\/revisions\/18505"}],"wp:featuredmedia":[{"embeddable":true,"href":"https:\/\/dekkbi.com\/index.php?rest_route=\/wp\/v2\/media\/18504"}],"wp:attachment":[{"href":"https:\/\/dekkbi.com\/index.php?rest_route=%2Fwp%2Fv2%2Fmedia&parent=18503"}],"wp:term":[{"taxonomy":"category","embeddable":true,"href":"https:\/\/dekkbi.com\/index.php?rest_route=%2Fwp%2Fv2%2Fcategories&post=18503"},{"taxonomy":"post_tag","embeddable":true,"href":"https:\/\/dekkbi.com\/index.php?rest_route=%2Fwp%2Fv2%2Ftags&post=18503"}],"curies":[{"name":"wp","href":"https:\/\/api.w.org\/{rel}","templated":true}]}}