{"id":18501,"date":"2023-08-09T09:26:33","date_gmt":"2023-08-09T09:26:33","guid":{"rendered":"https:\/\/dekkbi.com\/?p=18501"},"modified":"2023-08-09T09:26:35","modified_gmt":"2023-08-09T09:26:35","slug":"audience-avec-macky-sall-bennoo-ak-tanor-flingue-aminata-mbengue-ndiaye","status":"publish","type":"post","link":"https:\/\/dekkbi.com\/?p=18501","title":{"rendered":"Audience avec Macky Sall: \u00abBennoo Ak Tanor\u00bb flingue Aminata Mbengue Ndiaye"},"content":{"rendered":"\n<p>IGFM &#8211; (Dakar) Dans le cadre des concertations en vue de la d\u00e9signation du candidat de Bennoo Bokk Yaakaar pour la pr\u00e9sidentielle de 2024, le Pr\u00e9sident Macky Sall avait re\u00e7u la coalition &lsquo;Bennoo Ak Tanor\u2019 avec comme t\u00eate de pont le PS.<\/p>\n\n\n\n<p>\u00a0Au sein de l\u2019entit\u00e9 qui avait soutenu la candidature du d\u00e9funt secr\u00e9taire g\u00e9n\u00e9ral des Verts Ousmane Tanor Dieng, la col\u00e8re monte. Certaines voix accusent Aminata Mbengue Ndiaye, la nouvelle patronne des Socialistes, d\u2019avoir taill\u00e9 \u00e0 sa guise la d\u00e9l\u00e9gation en faisant la part belle \u00e0 ses camarades de parti.<\/p>\n\n\n\n<p>\u00abNous sommes membres de la coalition \u2018Bennoo Ak Tanor\u2019, qui comptait une vingtaine d\u2019organisations, rappelle un des protestataires, qui s\u2019est confi\u00e9 \u00e0 Les \u00c9chos. Des mouvements et gens de la Soci\u00e9t\u00e9 civile, mais une minorit\u00e9, pour ne pas dire une infime partie a \u00e9t\u00e9 inform\u00e9e de cette rencontre. C\u2019est le lendemain \u00e0 travers la presse que beaucoup ont appris que Macky a re\u00e7u la coalition \u2018Bennoo Ak Tanor\u2019.\u00bb<\/p>\n\n\n\n<p>La source de marteler : \u00ab(\u00c0 l\u2019audience) c\u2019est Aminata Mbengue Ndiaye qui a choisi les orateurs, pour ne pas se faire prendre de court. Ce sont les Socialistes pour la plupart qui ont pris la parole et non Bennoo Ak Tanor comme ils ont voulu le faire croire.\u00bb<\/p>\n","protected":false},"excerpt":{"rendered":"<p>IGFM &#8211; (Dakar) Dans le cadre des concertations en vue de la d\u00e9signation du candidat de Bennoo Bokk Yaakaar pour<\/p>\n","protected":false},"author":1,"featured_media":5700,"comment_status":"open","ping_status":"open","sticky":false,"template":"","format":"standard","meta":{"footnotes":""},"categories":[6],"tags":[],"class_list":["post-18501","post","type-post","status-publish","format-standard","has-post-thumbnail","hentry","category-politics"],"_links":{"self":[{"href":"https:\/\/dekkbi.com\/index.php?rest_route=\/wp\/v2\/posts\/18501","targetHints":{"allow":["GET"]}}],"collection":[{"href":"https:\/\/dekkbi.com\/index.php?rest_route=\/wp\/v2\/posts"}],"about":[{"href":"https:\/\/dekkbi.com\/index.php?rest_route=\/wp\/v2\/types\/post"}],"author":[{"embeddable":true,"href":"https:\/\/dekkbi.com\/index.php?rest_route=\/wp\/v2\/users\/1"}],"replies":[{"embeddable":true,"href":"https:\/\/dekkbi.com\/index.php?rest_route=%2Fwp%2Fv2%2Fcomments&post=18501"}],"version-history":[{"count":1,"href":"https:\/\/dekkbi.com\/index.php?rest_route=\/wp\/v2\/posts\/18501\/revisions"}],"predecessor-version":[{"id":18502,"href":"https:\/\/dekkbi.com\/index.php?rest_route=\/wp\/v2\/posts\/18501\/revisions\/18502"}],"wp:featuredmedia":[{"embeddable":true,"href":"https:\/\/dekkbi.com\/index.php?rest_route=\/wp\/v2\/media\/5700"}],"wp:attachment":[{"href":"https:\/\/dekkbi.com\/index.php?rest_route=%2Fwp%2Fv2%2Fmedia&parent=18501"}],"wp:term":[{"taxonomy":"category","embeddable":true,"href":"https:\/\/dekkbi.com\/index.php?rest_route=%2Fwp%2Fv2%2Fcategories&post=18501"},{"taxonomy":"post_tag","embeddable":true,"href":"https:\/\/dekkbi.com\/index.php?rest_route=%2Fwp%2Fv2%2Ftags&post=18501"}],"curies":[{"name":"wp","href":"https:\/\/api.w.org\/{rel}","templated":true}]}}