{"id":1850,"date":"2022-10-18T15:31:45","date_gmt":"2022-10-18T15:31:45","guid":{"rendered":"https:\/\/dekkbi.com\/?p=1850"},"modified":"2022-10-18T15:31:46","modified_gmt":"2022-10-18T15:31:46","slug":"greve-des-controleurs-aeriens-les-directives-du-comite-des-ministres-de-lasecna","status":"publish","type":"post","link":"https:\/\/dekkbi.com\/?p=1850","title":{"rendered":"Gr\u00e8ve des contr\u00f4leurs a\u00e9riens : Les directives du Comit\u00e9 des Ministres de l\u2019Asecna"},"content":{"rendered":"\n<p><\/p>\n\n\n\n<p>Cette rencontre \u00e9tait fortement attendue. Une session extraordinaire a port\u00e9 sur la gr\u00e8ve des 23 et 25 septembre 2022 des contr\u00f4leurs a\u00e9riens.<\/p>\n\n\n\n<p>Le Comit\u00e9 des Ministres de l\u2019Asecna a ainsi arbitr\u00e9. Des r\u00e9solutions, des orientations et des recommandations ont \u00e9t\u00e9 d\u00e9finies.<\/p>\n\n\n\n<p>Les r\u00e9solutions prises concernent la continuit\u00e9 du service public des navigations a\u00e9riennes sous la responsabilit\u00e9 de l\u2019Asecna. Le comit\u00e9 des ministres a condamn\u00e9 \u00ab les actes pos\u00e9s par certains contr\u00f4leurs a\u00e9riens \u00bb durant ces deux jours de gr\u00e8ve. L\u2019instance a demand\u00e9 la lev\u00e9e des pr\u00e9avis de gr\u00e8ve en cours.<\/p>\n\n\n\n<p>Les orientations sont pour une prise en charge des pr\u00e9occupations des \u00ab diff\u00e9rentes cat\u00e9gories de personnel \u00bb de l\u2019Asecna. Le Comit\u00e9 des Ministres veut ainsi renforcer le dialogue social communautaire. Il sollicite, en ce sens, la pr\u00e9cision des modalit\u00e9s d\u2019examen des dol\u00e9ances des travailleurs.<\/p>\n\n\n\n<p>Le Comit\u00e9 des Ministres de l\u2019Asecna a aussi requis la discussion des 8 points de revendication n\u2019ayant pas fait l\u2019objet d\u2019accord. Le Conseil d\u2019Administration et la Direction g\u00e9n\u00e9rale sont charg\u00e9s de mettre en \u0153uvre les 11 points de revendication issus de l\u2019accord du mois d\u2019ao\u00fbt.<\/p>\n\n\n\n<p>Un comit\u00e9 de suivi est aussi mis en place. Il est constitu\u00e9 du Pr\u00e9sident du Comit\u00e9 des Ministres et des Ministres du Cameroun, du Congo, de la C\u00f4te d\u2019Ivoire et du S\u00e9n\u00e9gal.<\/p>\n","protected":false},"excerpt":{"rendered":"<p>Cette rencontre \u00e9tait fortement attendue. Une session extraordinaire a port\u00e9 sur la gr\u00e8ve des 23 et 25 septembre 2022 des<\/p>\n","protected":false},"author":1,"featured_media":1851,"comment_status":"open","ping_status":"open","sticky":false,"template":"","format":"standard","meta":{"footnotes":""},"categories":[6],"tags":[],"class_list":["post-1850","post","type-post","status-publish","format-standard","has-post-thumbnail","hentry","category-politics"],"_links":{"self":[{"href":"https:\/\/dekkbi.com\/index.php?rest_route=\/wp\/v2\/posts\/1850","targetHints":{"allow":["GET"]}}],"collection":[{"href":"https:\/\/dekkbi.com\/index.php?rest_route=\/wp\/v2\/posts"}],"about":[{"href":"https:\/\/dekkbi.com\/index.php?rest_route=\/wp\/v2\/types\/post"}],"author":[{"embeddable":true,"href":"https:\/\/dekkbi.com\/index.php?rest_route=\/wp\/v2\/users\/1"}],"replies":[{"embeddable":true,"href":"https:\/\/dekkbi.com\/index.php?rest_route=%2Fwp%2Fv2%2Fcomments&post=1850"}],"version-history":[{"count":1,"href":"https:\/\/dekkbi.com\/index.php?rest_route=\/wp\/v2\/posts\/1850\/revisions"}],"predecessor-version":[{"id":1852,"href":"https:\/\/dekkbi.com\/index.php?rest_route=\/wp\/v2\/posts\/1850\/revisions\/1852"}],"wp:featuredmedia":[{"embeddable":true,"href":"https:\/\/dekkbi.com\/index.php?rest_route=\/wp\/v2\/media\/1851"}],"wp:attachment":[{"href":"https:\/\/dekkbi.com\/index.php?rest_route=%2Fwp%2Fv2%2Fmedia&parent=1850"}],"wp:term":[{"taxonomy":"category","embeddable":true,"href":"https:\/\/dekkbi.com\/index.php?rest_route=%2Fwp%2Fv2%2Fcategories&post=1850"},{"taxonomy":"post_tag","embeddable":true,"href":"https:\/\/dekkbi.com\/index.php?rest_route=%2Fwp%2Fv2%2Ftags&post=1850"}],"curies":[{"name":"wp","href":"https:\/\/api.w.org\/{rel}","templated":true}]}}