{"id":18498,"date":"2023-08-09T09:22:44","date_gmt":"2023-08-09T09:22:44","guid":{"rendered":"https:\/\/dekkbi.com\/?p=18498"},"modified":"2023-08-09T09:22:45","modified_gmt":"2023-08-09T09:22:45","slug":"karim-wade-et-khalifa-sall-desormais-eligibles-une-nouvelle-vie-de-nouveaux-defis","status":"publish","type":"post","link":"https:\/\/dekkbi.com\/?p=18498","title":{"rendered":"Karim Wade et Khalifa Sall d\u00e9sormais \u00e9ligibles: Une nouvelle vie, de nouveaux d\u00e9fis !"},"content":{"rendered":"\n<h3 class=\"wp-block-heading\">L\u2019Assembl\u00e9e nationale a adopt\u00e9 samedi dernier le projet de loi modifiant le Code \u00e9lectoral et visant \u00e0 rendre \u00e9ligibles \u00e0 nouveau Karim Wade et Khalifa Sall. Au-del\u00e0 de ces deux hommes politiques, on ne peut plus refuser l\u2019inscription sur les listes \u00e9lectorales aux personnes b\u00e9n\u00e9ficiant d&rsquo;une mesure de gr\u00e2ce si \u00e9videmment la peine d\u2019emprisonnement prononc\u00e9e par la juridiction de jugement est expir\u00e9e. Aujourd\u2019hui que les leaders du PDS et de Taxawu S\u00e9n\u00e9gal ont retrouv\u00e9 int\u00e9gralement leurs droits civils et politiques, on se demande quels sont les d\u00e9fis qui les attendent<\/h3>\n\n\n\n<p>Ils viennent de loin.<br>Personne n\u2019aurait imagin\u00e9 qu\u2019ils seraient aussi vite r\u00e9int\u00e9gr\u00e9s dans la vie politique. Karim Wade et Khalifa Sall partagent le m\u00eame destin : celui d\u2019avoir \u00e9t\u00e9 au c\u0153ur de l\u2019ar\u00e8ne politique avec de solides ambitions avant d\u2019\u00eatre, du jour au lendemain, \u00e9cart\u00e9s de cette sph\u00e8re suite \u00e0 une condamnation p\u00e9nale, puis remis au-devant de la sc\u00e8ne par un concours de circonstances.<\/p>\n\n\n\n<p>N\u2019e\u00fbt \u00e9t\u00e9 le dialogue national lanc\u00e9 par le Pr\u00e9sident Macky Sall, les leaders du PDS et de Taxawu S\u00e9n\u00e9gal seraient encore l\u00e0 \u00e0 se battre pour participer au scrutin pr\u00e9sidentiel du 25 f\u00e9vrier 2024. Tout porte \u00e0 croire que si le chef de l\u2019Etat a fait appel aux acteurs politiques, c\u2019\u00e9tait plus pour neutraliser Ousmane Sonko ou temp\u00e9rer son ardeur et moins pour r\u00e9gler les questions d\u2019\u00e9ligibilit\u00e9 des \u00ab2K\u00bb.<\/p>\n\n\n\n<p>En effet, Macky Sall aurait pu les r\u00e9injecter dans le jeu politique depuis 2019 s\u2019il \u00e9tait vraiment m\u00fb par cette volont\u00e9 de les r\u00e9habiliter. Tout compte fait, les \u00ab2K\u00bb sont les grands gagnants de ces concertations nationales. Il faudrait juste se demander quelles doivent \u00eatre leur posture et leur priorit\u00e9 pour pr\u00e9tendre \u00e0 la magistrature supr\u00eame.<\/p>\n\n\n\n<p>Il est \u00e9vident qu\u2019avec les 24 d\u00e9put\u00e9s de Wallu, Karim Wade n\u2019aurait pas de soucis pour l\u2019\u00e9tape du parrainage d\u2019autant qu\u2019il y a d\u00e9sormais l\u2019option de se faire parrainer par 13 d\u00e9put\u00e9s. Toutefois, \u00abWade-fils\u00bb est tr\u00e8s attendu au pays. Depuis 2018, le PDS annonce \u00e0 chaque fois son retour en vain. Cette fois-ci, il n\u2019y a plus de pr\u00e9texte pour faire faux bond aux S\u00e9n\u00e9galais.<\/p>\n\n\n\n<p>D\u00e9sormais \u00e9ligible,Karim est oblig\u00e9 de venir affronter ses adversaires et de se frotter \u00e0 eux sur le terrain tr\u00e8s \u00e9pineux de la politique s\u00e9n\u00e9galaise. Dans cette dynamique, il devra mobiliser l\u2019appareil du PDS autour de sa personne. Mieux, m\u00eame si la r\u00e9unification de la famille lib\u00e9rale n\u2019est pas trop d\u2019actualit\u00e9 ou para\u00eet assez utopique, il peut essayer de ressouder certains \u00abmorceaux \u00e9carlates\u00bb de la famille lib\u00e9rale en direction de la Pr\u00e9sidentielle.<\/p>\n\n\n\n<p>Il a \u00e9galement le d\u00e9fi de pr\u00e9senter un programme solide et s\u00e9duisant pour donner de l\u2019espoir aux S\u00e9n\u00e9galais. Karim Wade devrait \u00e9galement bien se pr\u00e9parer \u00e0 faire face aux critiques et \u00e0 redorer son image apr\u00e8s avoir \u00e9t\u00e9 \u00abdiabolis\u00e9\u00bb sous le r\u00e9gime d\u2019Abdoulaye Wade, puis condamn\u00e9 pour enrichissement illicite sous le r\u00e9gime de Macky Sall.<\/p>\n\n\n\n<p>Les cartes a jouer de Khalifa<\/p>\n\n\n\n<p>Quant \u00e0 Khalifa Sall, il ne devrait pas avoir de probl\u00e8mes de parrainage. Son appareil dispose de treize d\u00e9put\u00e9s, net, au sein du groupe parlementaire Yewwi Askan Wi (YAW). D\u2019aucuns soutiennent d\u2019ailleurs que la modification de la loi sur le parrainage \u00e9tait en quelque sorte taill\u00e9 pour lui.<\/p>\n\n\n\n<p>Quoi qu\u2019il en soit, l\u2019ancien maire de Dakar est \u00e9pargn\u00e9 des tracasseries li\u00e9es \u00e0 la collecte de signatures pour le parrainage. Il pourrait ainsi consacrer ce temps \u00e0 une tentative de porter la candidature socialiste pour la Pr\u00e9sidentielle de 2024. M\u00eame si ce ne sera pas chose ais\u00e9e, il garde toujours de bonnes relations dans l\u2019appareil socialiste.<\/p>\n\n\n\n<p>De ce fait, \u00e0 d\u00e9faut d\u2019avoir un soutien officiel ou une alliance officielle, il pourrait officieusement se baser sur les structures de base socialistes pour les besoins de la conqu\u00eate du pouvoir. Khalifa Sall devrait \u00e9galement essayer de se r\u00e9concilier avec Ousmane Sonko, tout au moins avec les autres membres de Yewwi Askan Wi qui semblent lui tourner le dos au profit du leader des Patriotes. Le fait d\u2019apaiser les relations au sein de YAW pourrait lui \u00eatre b\u00e9n\u00e9fique \u00e0 un moment ou un autre du processus \u00e9lectoral.<\/p>\n\n\n\n<p>Il devrait \u00e9galement travailler pour b\u00e9n\u00e9ficier de l\u2019appareil du PUR au cas o\u00f9 ce dernier ne pr\u00e9senterait pas un candidat pour la Pr\u00e9sidentielle du 25 f\u00e9vrier prochain. De la m\u00eame mani\u00e8re qu\u2019il devrait travailler \u00e0 p\u00eacher le maximum de soutiens de partis et mouvements au sein de la plus grande coalition de l\u2019opposition.<\/p>\n\n\n\n<p>En tant que membre fondateur de YAW, Khalifa devrait faire jouer son leadership pour restaurer la confiance de ses alli\u00e9s de l\u2019opposition. Et en fait, l\u2019appareil de YAW n\u2019est pas \u00e0 n\u00e9gliger d\u2019autant qu\u2019il lui a permis de r\u00e9cup\u00e9rer ou de consolider certains de ses bastions lors des \u00e9lections l\u00e9gislatives de 2022 en positionnant ses hommes \u00e0 Dieuppeul Derkl\u00e9, \u00e0 Mermoz Sacr\u00e9-C\u0153ur, \u00e0 Yoff, \u00e0 la mairie de Dakar, \u00e0 Thiaroye sur mer et dans de nombreuses r\u00e9gions du pays. En tant que maire de la capitale, Khalifa Sall a toujours montr\u00e9 ses facult\u00e9s d\u2019innover en termes de gouvernance et de r\u00e9alisation de grands projets infrastructurels pour la ville. On se demande aussi maintenant si son programme pour le S\u00e9n\u00e9gal sera \u00e0 la hauteur. Waint and see !<\/p>\n\n\n\n<p><br>L\u2019As<\/p>\n","protected":false},"excerpt":{"rendered":"<p>L\u2019Assembl\u00e9e nationale a adopt\u00e9 samedi dernier le projet de loi modifiant le Code \u00e9lectoral et visant \u00e0 rendre \u00e9ligibles \u00e0<\/p>\n","protected":false},"author":1,"featured_media":18499,"comment_status":"open","ping_status":"open","sticky":false,"template":"","format":"standard","meta":{"footnotes":""},"categories":[6],"tags":[],"class_list":["post-18498","post","type-post","status-publish","format-standard","has-post-thumbnail","hentry","category-politics"],"_links":{"self":[{"href":"https:\/\/dekkbi.com\/index.php?rest_route=\/wp\/v2\/posts\/18498","targetHints":{"allow":["GET"]}}],"collection":[{"href":"https:\/\/dekkbi.com\/index.php?rest_route=\/wp\/v2\/posts"}],"about":[{"href":"https:\/\/dekkbi.com\/index.php?rest_route=\/wp\/v2\/types\/post"}],"author":[{"embeddable":true,"href":"https:\/\/dekkbi.com\/index.php?rest_route=\/wp\/v2\/users\/1"}],"replies":[{"embeddable":true,"href":"https:\/\/dekkbi.com\/index.php?rest_route=%2Fwp%2Fv2%2Fcomments&post=18498"}],"version-history":[{"count":1,"href":"https:\/\/dekkbi.com\/index.php?rest_route=\/wp\/v2\/posts\/18498\/revisions"}],"predecessor-version":[{"id":18500,"href":"https:\/\/dekkbi.com\/index.php?rest_route=\/wp\/v2\/posts\/18498\/revisions\/18500"}],"wp:featuredmedia":[{"embeddable":true,"href":"https:\/\/dekkbi.com\/index.php?rest_route=\/wp\/v2\/media\/18499"}],"wp:attachment":[{"href":"https:\/\/dekkbi.com\/index.php?rest_route=%2Fwp%2Fv2%2Fmedia&parent=18498"}],"wp:term":[{"taxonomy":"category","embeddable":true,"href":"https:\/\/dekkbi.com\/index.php?rest_route=%2Fwp%2Fv2%2Fcategories&post=18498"},{"taxonomy":"post_tag","embeddable":true,"href":"https:\/\/dekkbi.com\/index.php?rest_route=%2Fwp%2Fv2%2Ftags&post=18498"}],"curies":[{"name":"wp","href":"https:\/\/api.w.org\/{rel}","templated":true}]}}