{"id":18492,"date":"2023-08-08T14:46:10","date_gmt":"2023-08-08T14:46:10","guid":{"rendered":"https:\/\/dekkbi.com\/?p=18492"},"modified":"2023-08-08T14:46:10","modified_gmt":"2023-08-08T14:46:10","slug":"mettre-fin-aux-deces-maternels-dici-2030-encore-des-defis-a-relever","status":"publish","type":"post","link":"https:\/\/dekkbi.com\/?p=18492","title":{"rendered":"Mettre fin aux d\u00e9c\u00e8s maternels d&rsquo;ici 2030 : Encore des d\u00e9fis \u00e0 relever"},"content":{"rendered":"\n<p>L&rsquo;\u00e9tat de sant\u00e9 des femmes, des enfants et des adolescents est le reflet patent de l&rsquo;efficacit\u00e9 des syst\u00e8mes nationaux de sant\u00e9 et un pr\u00e9dicteur fiable de l&rsquo;avenir des \u00c9tats. En outre, l&rsquo;int\u00e9gration des services privil\u00e9giant les fonctions de soins primaires et de sant\u00e9 publique, les politiques et actions multisectorielles et l&rsquo;autonomisation des individus et des communaut\u00e9s sont les 3 composantes du concept moderne des soins de sant\u00e9 primaires (SSP).Dans ce contexte, la&nbsp; r\u00e9union annuelle r\u00e9gionale de la Communaut\u00e9 de pratique (CdP) Int\u00e9gration Planification familiale post-partum, sant\u00e9 maternelle n\u00e9onatale et infantile et Nutrition en Afrique de l&rsquo;Ouest francophone&nbsp; s\u2019est tenue ce mardi \u00e0 Dakar au S\u00e9n\u00e9gal.<\/p>\n\n\n\n<p>Il s\u2019agit&nbsp; de soutenir les pays dans l&rsquo;acc\u00e9l\u00e9ration du passage \u00e0 l&rsquo;\u00e9chelle de l&rsquo;int\u00e9gration des soins centr\u00e9s sur la personne, notamment l&rsquo;int\u00e9gration des services de planification familiale du post-partum (PFPP), de la sant\u00e9 reproductive maternelle n\u00e9onatale, infantile et de nutrition (SRMNI-N) pour stopper les d\u00e9c\u00e8s maternels, n\u00e9onatals et infantiles \u00e9vitables et relever les d\u00e9fis de la PFPP dans la r\u00e9gion.<br>La strat\u00e9gie, le financement et la prestation de services sont guid\u00e9s par les meilleures connaissances scientifiques disponibles sur l&rsquo;efficacit\u00e9 des interventions, l&rsquo;efficacit\u00e9 des programmes, et les politiques qui peuvent permettre l&rsquo;atteinte des cibles ambitieuses de l&rsquo;ODD3 (taux de mortalit\u00e9 maternelle inf\u00e9rieurs \u00e0 70 d\u00e9c\u00e8s maternels pour 100 000 naissances vivantes et taux de mortalit\u00e9 n\u00e9onatale \u00e0 12 pour 1 000 naissances vivantes).<br>&nbsp;Pour cela, la CdP vise ainsi \u00e0 favoriser la synergie et la compl\u00e9mentarit\u00e9 des acteurs et des sources de financement existantes, mais aussi des nouveaux m\u00e9canismes de financement innovant \u00e0 \u00e9chelle et durable, afin d&rsquo;acc\u00e9l\u00e9rer les efforts visant \u00e0 mettre fin aux d\u00e9c\u00e8s maternels, n\u00e9onatals et infantiles \u00e9vitables d&rsquo;ici 2030.<\/p>\n\n\n\n<p><strong>Les efforts du S\u00e9n\u00e9gal<\/strong><br>Il faut noter que le S\u00e9n\u00e9gal met en \u0153uvre des paquets d&rsquo;interventions \u00e0 haut impact dans les diff\u00e9rents programmes de la sant\u00e9. En ce qui concerne la sant\u00e9 maternelle et infantile le directeur de cabinet cite outre la planification familiale du post-partum et les innovations de m\u00e9thodes de longues dur\u00e9es, l&rsquo;identification des besoins syst\u00e9matiques de la cliente (IBSC) aide \u00e0 diminuer les besoins non satisfaits en mati\u00e8re de la PF, l&rsquo;\u00e9cole des maris aide \u00e0 impliquer les \u00e9poux dans le renforcement de l&rsquo;utilisation de la PF, les espaces ados-jeunes permettent aux adolescents d&rsquo;avoir en temps r\u00e9el acc\u00e8s aux services de sant\u00e9 de la reproduction, l&rsquo;utilisation des Badjenu Gox pour la recherche des perdus de vue et pour retenir les femmes dans le programme de PF, de m\u00eame, les journ\u00e9es d&rsquo;offre gratuite contribuent aussi au renforcement de l&rsquo;acc\u00e8s aux services de la PF.<\/p>\n\n\n\n<p><strong>Le d\u00e9fi du financement<\/strong><br>Le S\u00e9n\u00e9gal est en bonne voie pour l&rsquo;atteinte de l&rsquo;engagement de la d\u00e9claration d&rsquo;Abuja de 2001.\u00a0 Cet accord\u00a0 vise \u00e0 consacrer 15 % du budget national au secteur sant\u00e9.<br>Dans ce sillage, le\u00a0 plaidoyer \u00e0 l&rsquo;endroit de tous les pays est de renforcer la mobilisation des ressources locales et internationales pour la mise en \u0153uvre des interventions de la communaut\u00e9 des pratiques est une n\u00e9cessit\u00e9. Ceci s&rsquo;av\u00e8re n\u00e9cessaire \u00e0 l&rsquo;approche du sommet mondial sur les objectifs de d\u00e9veloppement, cadre qui verra nos pays renouveler leur engagement pour l&rsquo;atteinte des objectifs de d\u00e9veloppement durable d&rsquo;ici 2030, a notifi\u00e9 le directeur de cabinet du minist\u00e8re de la Sant\u00e9 et de l\u2019Action sociale dans le cadre de la r\u00e9union r\u00e9gionale de la communaut\u00e9 de pratique. Cette\u00a0 rencontre a r\u00e9uni des ministres de la sant\u00e9 de pays membres et des organisations de la soci\u00e9t\u00e9 civile \u00e0 Dakar.<br>D\u2019ailleurs, Serigne Mbaye, directeur de cabinet du MSAS, r\u00e9affirme l\u2019engagement du S\u00e9n\u00e9gal pour le renforcement de l&rsquo;\u00e9tat de sant\u00e9 et du bien-\u00eatre des populations, l&rsquo;atteinte des axes strat\u00e9giques du 13e Programme g\u00e9n\u00e9ral de travail de l&rsquo;OMS et pour l&rsquo;acc\u00e9l\u00e9ration des interventions pour que les pays soient au rendez-vous de 2030 pour les objectifs de d\u00e9veloppement durable.<\/p>\n\n\n\n<p>Source &#8211; seneweb<\/p>\n","protected":false},"excerpt":{"rendered":"<p>L&rsquo;\u00e9tat de sant\u00e9 des femmes, des enfants et des adolescents est le reflet patent de l&rsquo;efficacit\u00e9 des syst\u00e8mes nationaux de<\/p>\n","protected":false},"author":1,"featured_media":18493,"comment_status":"open","ping_status":"open","sticky":false,"template":"","format":"standard","meta":{"footnotes":""},"categories":[21],"tags":[],"class_list":["post-18492","post","type-post","status-publish","format-standard","has-post-thumbnail","hentry","category-societe"],"_links":{"self":[{"href":"https:\/\/dekkbi.com\/index.php?rest_route=\/wp\/v2\/posts\/18492","targetHints":{"allow":["GET"]}}],"collection":[{"href":"https:\/\/dekkbi.com\/index.php?rest_route=\/wp\/v2\/posts"}],"about":[{"href":"https:\/\/dekkbi.com\/index.php?rest_route=\/wp\/v2\/types\/post"}],"author":[{"embeddable":true,"href":"https:\/\/dekkbi.com\/index.php?rest_route=\/wp\/v2\/users\/1"}],"replies":[{"embeddable":true,"href":"https:\/\/dekkbi.com\/index.php?rest_route=%2Fwp%2Fv2%2Fcomments&post=18492"}],"version-history":[{"count":1,"href":"https:\/\/dekkbi.com\/index.php?rest_route=\/wp\/v2\/posts\/18492\/revisions"}],"predecessor-version":[{"id":18494,"href":"https:\/\/dekkbi.com\/index.php?rest_route=\/wp\/v2\/posts\/18492\/revisions\/18494"}],"wp:featuredmedia":[{"embeddable":true,"href":"https:\/\/dekkbi.com\/index.php?rest_route=\/wp\/v2\/media\/18493"}],"wp:attachment":[{"href":"https:\/\/dekkbi.com\/index.php?rest_route=%2Fwp%2Fv2%2Fmedia&parent=18492"}],"wp:term":[{"taxonomy":"category","embeddable":true,"href":"https:\/\/dekkbi.com\/index.php?rest_route=%2Fwp%2Fv2%2Fcategories&post=18492"},{"taxonomy":"post_tag","embeddable":true,"href":"https:\/\/dekkbi.com\/index.php?rest_route=%2Fwp%2Fv2%2Ftags&post=18492"}],"curies":[{"name":"wp","href":"https:\/\/api.w.org\/{rel}","templated":true}]}}