{"id":18489,"date":"2023-08-08T14:42:21","date_gmt":"2023-08-08T14:42:21","guid":{"rendered":"https:\/\/dekkbi.com\/?p=18489"},"modified":"2023-08-08T14:42:21","modified_gmt":"2023-08-08T14:42:21","slug":"des-actes-de-vandalisme-commis-au-siege-de-rts-kolda","status":"publish","type":"post","link":"https:\/\/dekkbi.com\/?p=18489","title":{"rendered":"Des \u00ab actes de vandalisme \u00bb commis au si\u00e8ge de RTS Kolda"},"content":{"rendered":"\n<p>Le si\u00e8ge de la radio r\u00e9gionale de la RTS \u00e0 Kolda (sud) a \u00e9t\u00e9 la cible d\u2019 \u00bbactes de vandalisme \u00bb, dans la nuit de lundi \u00e0 mardi, a d\u00e9clar\u00e9 \u00e0 l\u2019APS l\u2019un de ses responsables, Aba San\u00e9.<br>\u00ab Nous avons \u00e9t\u00e9 victimes d\u2019un incendie, dans la nuit de lundi \u00e0 mardi. Des personnes non encore identifi\u00e9es ont escalad\u00e9 le mur, endommag\u00e9 une fen\u00eatre et lanc\u00e9 un cocktail Molotov \u00e0 l\u2019int\u00e9rieur du si\u00e8ge de la radio \u00bb, a expliqu\u00e9 San\u00e9.\u00a0<br>\u00ab Le feu s\u2019est propag\u00e9 dans certaines pi\u00e8ces du si\u00e8ge de la radio. Fort heureusement, le studio est rest\u00e9 intact \u00bb, a-t-il dit.<br>Une intervention des sapeurs-pompiers a permis d\u2019\u00e9teindre le feu \u00e0 temps, selon des employ\u00e9s de RTS Kolda.<br>En mars dernier, des manifestants ont tent\u00e9 de saccager le si\u00e8ge de ce d\u00e9membrement de la RTS.<\/p>\n\n\n\n<p>Source &#8211; seneweb<\/p>\n","protected":false},"excerpt":{"rendered":"<p>Le si\u00e8ge de la radio r\u00e9gionale de la RTS \u00e0 Kolda (sud) a \u00e9t\u00e9 la cible d\u2019 \u00bbactes de vandalisme<\/p>\n","protected":false},"author":1,"featured_media":18490,"comment_status":"open","ping_status":"open","sticky":false,"template":"","format":"standard","meta":{"footnotes":""},"categories":[26],"tags":[],"class_list":["post-18489","post","type-post","status-publish","format-standard","has-post-thumbnail","hentry","category-fait-divers"],"_links":{"self":[{"href":"https:\/\/dekkbi.com\/index.php?rest_route=\/wp\/v2\/posts\/18489","targetHints":{"allow":["GET"]}}],"collection":[{"href":"https:\/\/dekkbi.com\/index.php?rest_route=\/wp\/v2\/posts"}],"about":[{"href":"https:\/\/dekkbi.com\/index.php?rest_route=\/wp\/v2\/types\/post"}],"author":[{"embeddable":true,"href":"https:\/\/dekkbi.com\/index.php?rest_route=\/wp\/v2\/users\/1"}],"replies":[{"embeddable":true,"href":"https:\/\/dekkbi.com\/index.php?rest_route=%2Fwp%2Fv2%2Fcomments&post=18489"}],"version-history":[{"count":1,"href":"https:\/\/dekkbi.com\/index.php?rest_route=\/wp\/v2\/posts\/18489\/revisions"}],"predecessor-version":[{"id":18491,"href":"https:\/\/dekkbi.com\/index.php?rest_route=\/wp\/v2\/posts\/18489\/revisions\/18491"}],"wp:featuredmedia":[{"embeddable":true,"href":"https:\/\/dekkbi.com\/index.php?rest_route=\/wp\/v2\/media\/18490"}],"wp:attachment":[{"href":"https:\/\/dekkbi.com\/index.php?rest_route=%2Fwp%2Fv2%2Fmedia&parent=18489"}],"wp:term":[{"taxonomy":"category","embeddable":true,"href":"https:\/\/dekkbi.com\/index.php?rest_route=%2Fwp%2Fv2%2Fcategories&post=18489"},{"taxonomy":"post_tag","embeddable":true,"href":"https:\/\/dekkbi.com\/index.php?rest_route=%2Fwp%2Fv2%2Ftags&post=18489"}],"curies":[{"name":"wp","href":"https:\/\/api.w.org\/{rel}","templated":true}]}}